{"id":62544,"date":"2020-10-15T09:49:45","date_gmt":"2020-10-15T12:49:45","guid":{"rendered":"https:\/\/blogdoedvaldomagalhaes.com.br\/?p=62544"},"modified":"2020-10-15T09:49:46","modified_gmt":"2020-10-15T12:49:46","slug":"reeducandos-do-regime-aberto-ajudam-na-limpeza-da-area-externa-da-central-de-abastecimento-de-caruaru","status":"publish","type":"post","link":"https:\/\/blogdoedvaldomagalhaes.com.br\/index.php\/2020\/10\/15\/reeducandos-do-regime-aberto-ajudam-na-limpeza-da-area-externa-da-central-de-abastecimento-de-caruaru\/","title":{"rendered":"Reeducandos do regime aberto ajudam na limpeza da \u00e1rea externa da Central de Abastecimento de Caruaru"},"content":{"rendered":"<p style=\"text-align: justify;\"><span style=\"font-size: inherit;\">Eles auxiliam no recolhimento do lixo, realizam varri\u00e7\u00e3o, capina\u00e7\u00e3o e servi\u00e7o de pedreiro na institui\u00e7\u00e3o, que recebe durante o movimento, tr\u00eas mil pessoas por dia.<\/span><\/p>\n<p style=\"text-align: justify;\">A Central de Abastecimento de Caruaru (Ceaca), localizada no bairro de Pinheir\u00f3polis, abre as portas para a ressocializa\u00e7\u00e3o e recebe 18 reeducandos do regime aberto e livramento condicional, acompanhados pelo Patronato Penitenci\u00e1rio, \u00f3rg\u00e3o da Secretaria de Justi\u00e7a e Direitos Humanos (SJDH). Eles atuam na limpeza da \u00e1rea externa da institui\u00e7\u00e3o, que recebe nos dias de movimento, ter\u00e7as, quartas e quintas-feiras, aproximadamente tr\u00eas mil pessoas por dia.<\/p>\n<p style=\"text-align: justify;\">Os reeducandos realizam varri\u00e7\u00e3o, capina\u00e7\u00e3o, servi\u00e7os gerais, e auxiliam no recolhimento de aproximadamente 40 mil quilos de lixo por semana. Al\u00e9m disso, recolhem restos de frutas e verduras, que s\u00e3o encaminhados ao aterro do munic\u00edpio para transforma\u00e7\u00e3o em adubo. Atualmente, devido a Pandemia da Covid-19, eles est\u00e3o cumprindo apenas um turno, das 7h \u00e0s 13h.<\/p>\n<p style=\"text-align: justify;\">De acordo com o superintentendente do Patronato Penitenci\u00e1rio, Josaf\u00e1 Reis, &#8220;o resgate da cidadania, da dignidade e a diminui\u00e7\u00e3o da reincid\u00eancia criminal s\u00e3o o objetivo do programa de empregabilidade dos reeducandos do Patronato na Prefeitura. Ganhamos todos: a sociedade, os reeducandos e o empregador&#8221;<\/p>\n<p style=\"text-align: justify;\">Numa a\u00e7\u00e3o da Ceaca em parceria com a Secretaria de Sa\u00fade, em julho deste ano, os reeducandos participaram de testes r\u00e1pido de Covid-19 e receberam vacina\u00e7\u00e3o contra Gripe, Hepatite, Sarampo e Rub\u00e9ola.<\/p>\n<p style=\"text-align: justify;\">\u201cCom rela\u00e7\u00e3o ao trabalho, eles s\u00e3o fundamentais para manter a nossa central limpa, uma vez que comercializamos alimentos e temos um grande fluxo de pessoas que transitam por esse espa\u00e7o\u201d, ressalta Willielda Carvalho, diretora administrativa da Ceaca.<\/p>\n<p style=\"text-align: justify;\">Atualmente em Caruaru, existem 220 reeducandos no mercado de trabalho, distribu\u00eddos al\u00e9m da Ceaca, no Departamento de Tr\u00e2nsito (Destra) e na Prefeitura.<\/p>\n<p style=\"text-align: justify;\">FOTOS: Divulga\u00e7\u00e3o<\/p>\n","protected":false},"excerpt":{"rendered":"<p>Eles auxiliam no recolhimento do lixo, realizam varri\u00e7\u00e3o, capina\u00e7\u00e3o e servi\u00e7o de pedreiro na institui\u00e7\u00e3o, que recebe durante o movimento,&hellip;<\/p>\n","protected":false},"author":1,"featured_media":62545,"comment_status":"open","ping_status":"open","sticky":false,"template":"","format":"standard","meta":{"footnotes":""},"categories":[14120],"tags":[2,19532,5958,1950,19834],"class_list":["post-62544","post","type-post","status-publish","format-standard","has-post-thumbnail","hentry","category-noticias","tag-blog-do-edvaldo-magalhaes","tag-blog-mais-acessado-e-visualizado-de-caruaru-e-regiao","tag-ceaca","tag-noticias-de-caruaru","tag-reeducandos-do-regime-aberto-ajudam-na-limpeza-da-area-externa-da-central-de-abastecimento-de-caruaru"],"_links":{"self":[{"href":"https:\/\/blogdoedvaldomagalhaes.com.br\/index.php\/wp-json\/wp\/v2\/posts\/62544","targetHints":{"allow":["GET"]}}],"collection":[{"href":"https:\/\/blogdoedvaldomagalhaes.com.br\/index.php\/wp-json\/wp\/v2\/posts"}],"about":[{"href":"https:\/\/blogdoedvaldomagalhaes.com.br\/index.php\/wp-json\/wp\/v2\/types\/post"}],"author":[{"embeddable":true,"href":"https:\/\/blogdoedvaldomagalhaes.com.br\/index.php\/wp-json\/wp\/v2\/users\/1"}],"replies":[{"embeddable":true,"href":"https:\/\/blogdoedvaldomagalhaes.com.br\/index.php\/wp-json\/wp\/v2\/comments?post=62544"}],"version-history":[{"count":1,"href":"https:\/\/blogdoedvaldomagalhaes.com.br\/index.php\/wp-json\/wp\/v2\/posts\/62544\/revisions"}],"predecessor-version":[{"id":62546,"href":"https:\/\/blogdoedvaldomagalhaes.com.br\/index.php\/wp-json\/wp\/v2\/posts\/62544\/revisions\/62546"}],"wp:featuredmedia":[{"embeddable":true,"href":"https:\/\/blogdoedvaldomagalhaes.com.br\/index.php\/wp-json\/wp\/v2\/media\/62545"}],"wp:attachment":[{"href":"https:\/\/blogdoedvaldomagalhaes.com.br\/index.php\/wp-json\/wp\/v2\/media?parent=62544"}],"wp:term":[{"taxonomy":"category","embeddable":true,"href":"https:\/\/blogdoedvaldomagalhaes.com.br\/index.php\/wp-json\/wp\/v2\/categories?post=62544"},{"taxonomy":"post_tag","embeddable":true,"href":"https:\/\/blogdoedvaldomagalhaes.com.br\/index.php\/wp-json\/wp\/v2\/tags?post=62544"}],"curies":[{"name":"wp","href":"https:\/\/api.w.org\/{rel}","templated":true}]}}