{"id":62465,"date":"2020-10-12T22:12:50","date_gmt":"2020-10-13T01:12:50","guid":{"rendered":"https:\/\/blogdoedvaldomagalhaes.com.br\/?p=62465"},"modified":"2020-10-12T22:12:51","modified_gmt":"2020-10-13T01:12:51","slug":"registrados-varios-tremores-de-terra-em-caruaru-nesta-segunda-feira","status":"publish","type":"post","link":"https:\/\/blogdoedvaldomagalhaes.com.br\/index.php\/2020\/10\/12\/registrados-varios-tremores-de-terra-em-caruaru-nesta-segunda-feira\/","title":{"rendered":"Registrados v\u00e1rios tremores de terra em Caruaru nesta segunda-feira"},"content":{"rendered":"<p style=\"text-align: justify;\">Pelo menos 7 tremores de terra foram registrados nesta segunda-feira (12), em\u00a0<a href=\"https:\/\/liberdade.com.br\/\">Caruaru<\/a>, Agreste de Pernambuco. Os abalos foram identificados no registro da esta\u00e7\u00e3o sismogr\u00e1fica instalada no munic\u00edpio.<\/p>\n<p style=\"text-align: justify;\">De acordo com o t\u00e9cnico e mestre em geof\u00edsica da Universidade Federal do Rio Grande do Norte (UFRN), Eduardo Menezes, os maiores tremores atingiram magnitude 1.5 e 1.7 graus na escala Richter.<\/p>\n<p style=\"text-align: justify;\">Uma s\u00e9rie de abalos s\u00edsmicos v\u00eam ocorrendo em Caruaru desde o m\u00eas de agosto. Neste per\u00edodo, a terra tremeu mais de 500 vezes. O maior tremor desta atividade s\u00edsmica teve magnitude 2.5.<\/p>\n<p>Por Helenivaldo Pereira.<\/p>\n","protected":false},"excerpt":{"rendered":"<p>Pelo menos 7 tremores de terra foram registrados nesta segunda-feira (12), em\u00a0Caruaru, Agreste de Pernambuco. Os abalos foram identificados no&hellip;<\/p>\n","protected":false},"author":1,"featured_media":62466,"comment_status":"open","ping_status":"open","sticky":false,"template":"","format":"standard","meta":{"footnotes":""},"categories":[14120],"tags":[19491,2,19532,1950,19812],"class_list":["post-62465","post","type-post","status-publish","format-standard","has-post-thumbnail","hentry","category-noticias","tag-abalo-sismico","tag-blog-do-edvaldo-magalhaes","tag-blog-mais-acessado-e-visualizado-de-caruaru-e-regiao","tag-noticias-de-caruaru","tag-registrados-varios-tremores-de-terra-em-caruaru-nesta-segunda-feira"],"_links":{"self":[{"href":"https:\/\/blogdoedvaldomagalhaes.com.br\/index.php\/wp-json\/wp\/v2\/posts\/62465","targetHints":{"allow":["GET"]}}],"collection":[{"href":"https:\/\/blogdoedvaldomagalhaes.com.br\/index.php\/wp-json\/wp\/v2\/posts"}],"about":[{"href":"https:\/\/blogdoedvaldomagalhaes.com.br\/index.php\/wp-json\/wp\/v2\/types\/post"}],"author":[{"embeddable":true,"href":"https:\/\/blogdoedvaldomagalhaes.com.br\/index.php\/wp-json\/wp\/v2\/users\/1"}],"replies":[{"embeddable":true,"href":"https:\/\/blogdoedvaldomagalhaes.com.br\/index.php\/wp-json\/wp\/v2\/comments?post=62465"}],"version-history":[{"count":1,"href":"https:\/\/blogdoedvaldomagalhaes.com.br\/index.php\/wp-json\/wp\/v2\/posts\/62465\/revisions"}],"predecessor-version":[{"id":62467,"href":"https:\/\/blogdoedvaldomagalhaes.com.br\/index.php\/wp-json\/wp\/v2\/posts\/62465\/revisions\/62467"}],"wp:featuredmedia":[{"embeddable":true,"href":"https:\/\/blogdoedvaldomagalhaes.com.br\/index.php\/wp-json\/wp\/v2\/media\/62466"}],"wp:attachment":[{"href":"https:\/\/blogdoedvaldomagalhaes.com.br\/index.php\/wp-json\/wp\/v2\/media?parent=62465"}],"wp:term":[{"taxonomy":"category","embeddable":true,"href":"https:\/\/blogdoedvaldomagalhaes.com.br\/index.php\/wp-json\/wp\/v2\/categories?post=62465"},{"taxonomy":"post_tag","embeddable":true,"href":"https:\/\/blogdoedvaldomagalhaes.com.br\/index.php\/wp-json\/wp\/v2\/tags?post=62465"}],"curies":[{"name":"wp","href":"https:\/\/api.w.org\/{rel}","templated":true}]}}