{"id":62462,"date":"2020-10-12T21:34:02","date_gmt":"2020-10-13T00:34:02","guid":{"rendered":"https:\/\/blogdoedvaldomagalhaes.com.br\/?p=62462"},"modified":"2020-10-12T21:34:04","modified_gmt":"2020-10-13T00:34:04","slug":"lessa-destaca-propostas-para-inclusao-de-pessoas-com-deficiencia","status":"publish","type":"post","link":"https:\/\/blogdoedvaldomagalhaes.com.br\/index.php\/2020\/10\/12\/lessa-destaca-propostas-para-inclusao-de-pessoas-com-deficiencia\/","title":{"rendered":"Lessa destaca propostas para inclus\u00e3o de pessoas com defici\u00eancia"},"content":{"rendered":"<p style=\"text-align: justify;\">O candidato a prefeito de Caruaru Delegado Lessa (Progressistas) destaca as propostas de acessibilidade e inclus\u00e3o presentes no \u2018Plano Caruaru\u2019. O planejamento prev\u00ea diversas a\u00e7\u00f5es, com foco no cidad\u00e3o, garantindo dignidade e inclus\u00e3o a todos os cidad\u00e3os, nas mais variadas etapas da vida. O Delegado Lessa ressalta que as ideias est\u00e3o sintonizadas com uma forma moderna de enxergar a gest\u00e3o p\u00fablica. \u201cN\u00f3s n\u00e3o temos um projeto de poder, mas um projeto de cidade que une as pessoas\u201d, diz.<\/p>\n<p style=\"text-align: justify;\">Com uma vis\u00e3o integral, o plano busca promover capacita\u00e7\u00e3o de familiares visando uma efetiva inclus\u00e3o a partir do ambiente familiar. Nas escolas, tamb\u00e9m haver\u00e1 a\u00e7\u00f5es permanentes e inclusivas, mediante entrega de material did\u00e1tico em formato acess\u00edvel no in\u00edcio do ano letivo e a garantia de pr\u00e1ticas esportivas para pessoas com defici\u00eancia nas diversas modalidades, como basquete, futebol de cinco e atletismo.<\/p>\n<p style=\"text-align: justify;\">A infraestrutura tamb\u00e9m est\u00e1 presente nas propostas, como a requalifica\u00e7\u00e3o de equipamentos p\u00fablicos, a fim de promover readequa\u00e7\u00f5es necess\u00e1rias \u00e0 garantia de acessibilidade. O plano ainda visa capacitar os guardas municipais e agentes de tr\u00e2nsito na L\u00edngua Brasileira de Sinais (Libras), para atender a comunidade surda com efici\u00eancia, bem como implementar vagas de estacionamento adequadas para motoristas e\/ou passageiros cadeirantes.<\/p>\n<p>Foto: Viliane Gomes<\/p>\n","protected":false},"excerpt":{"rendered":"<p>O candidato a prefeito de Caruaru Delegado Lessa (Progressistas) destaca as propostas de acessibilidade e inclus\u00e3o presentes no \u2018Plano Caruaru\u2019.&hellip;<\/p>\n","protected":false},"author":1,"featured_media":62463,"comment_status":"open","ping_status":"open","sticky":false,"template":"","format":"standard","meta":{"footnotes":""},"categories":[14122],"tags":[2,19418,19811,1950,20],"class_list":["post-62462","post","type-post","status-publish","format-standard","has-post-thumbnail","hentry","category-politica","tag-blog-do-edvaldo-magalhaes","tag-blog-mais-acessado-de-caruaru-e-regiao","tag-lessa-destaca-propostas-para-inclusao-de-pessoas-com-deficiencia","tag-noticias-de-caruaru","tag-politica"],"_links":{"self":[{"href":"https:\/\/blogdoedvaldomagalhaes.com.br\/index.php\/wp-json\/wp\/v2\/posts\/62462","targetHints":{"allow":["GET"]}}],"collection":[{"href":"https:\/\/blogdoedvaldomagalhaes.com.br\/index.php\/wp-json\/wp\/v2\/posts"}],"about":[{"href":"https:\/\/blogdoedvaldomagalhaes.com.br\/index.php\/wp-json\/wp\/v2\/types\/post"}],"author":[{"embeddable":true,"href":"https:\/\/blogdoedvaldomagalhaes.com.br\/index.php\/wp-json\/wp\/v2\/users\/1"}],"replies":[{"embeddable":true,"href":"https:\/\/blogdoedvaldomagalhaes.com.br\/index.php\/wp-json\/wp\/v2\/comments?post=62462"}],"version-history":[{"count":1,"href":"https:\/\/blogdoedvaldomagalhaes.com.br\/index.php\/wp-json\/wp\/v2\/posts\/62462\/revisions"}],"predecessor-version":[{"id":62464,"href":"https:\/\/blogdoedvaldomagalhaes.com.br\/index.php\/wp-json\/wp\/v2\/posts\/62462\/revisions\/62464"}],"wp:featuredmedia":[{"embeddable":true,"href":"https:\/\/blogdoedvaldomagalhaes.com.br\/index.php\/wp-json\/wp\/v2\/media\/62463"}],"wp:attachment":[{"href":"https:\/\/blogdoedvaldomagalhaes.com.br\/index.php\/wp-json\/wp\/v2\/media?parent=62462"}],"wp:term":[{"taxonomy":"category","embeddable":true,"href":"https:\/\/blogdoedvaldomagalhaes.com.br\/index.php\/wp-json\/wp\/v2\/categories?post=62462"},{"taxonomy":"post_tag","embeddable":true,"href":"https:\/\/blogdoedvaldomagalhaes.com.br\/index.php\/wp-json\/wp\/v2\/tags?post=62462"}],"curies":[{"name":"wp","href":"https:\/\/api.w.org\/{rel}","templated":true}]}}