{"id":62459,"date":"2020-10-12T21:26:05","date_gmt":"2020-10-13T00:26:05","guid":{"rendered":"https:\/\/blogdoedvaldomagalhaes.com.br\/?p=62459"},"modified":"2020-10-12T21:26:05","modified_gmt":"2020-10-13T00:26:05","slug":"marcelo-gomes-defende-infra-estrutura-urbana-para-o-bairro-rendeiras","status":"publish","type":"post","link":"https:\/\/blogdoedvaldomagalhaes.com.br\/index.php\/2020\/10\/12\/marcelo-gomes-defende-infra-estrutura-urbana-para-o-bairro-rendeiras\/","title":{"rendered":"Marcelo Gomes defende infra estrutura urbana para o bairro Rendeiras"},"content":{"rendered":"<p style=\"text-align: justify;\"><span style=\"font-size: inherit;\">Nesse domingo (11), o candidato a prefeito de Caruaru, Marcelo Gomes (PSB),\u00a0 esteve no bairro Rendeiras, na Feira Livre, para conversar com os feirantes e moradores do local sobre a situa\u00e7\u00e3o deste bairro t\u00e3o importante e grande.<\/span><\/p>\n<p style=\"text-align: justify;\">A trabalhadora Ralda, que comercializa na feira relatou: &#8220;Onde moro come\u00e7aram uma obra em de cal\u00e7amento e n\u00e3o terminaram. Fora as quest\u00f5es de falta de abastecimento de \u00e1gua, que eu e meus vizinhos passamos&#8221;, contou ela.<\/p>\n<p style=\"text-align: justify;\">Depois da visita \u00e0 Feira, Marcelo e a sua vice, Ailza Trajano (PC do B), foram conferir o estado do Parque Ambiental do bairro. O local, que foi estruturado na gest\u00e3o do ex-prefeito Jos\u00e9 Queiroz, foi, como outras obras importantes para a popula\u00e7\u00e3o. Buracos, mato alto, pontes sem corrim\u00e3o e infraestrutura que oferece perigo pra quem vai com a fam\u00edlia, fazer exerc\u00edcios ou ter momentos de lazer &#8220;Essa \u00e9 uma pr\u00e1tica da velha pol\u00edtica, n\u00e3o dar continuidade para obras que foram feitas por opositores pol\u00edticos. Na minha gest\u00e3o, isso n\u00e3o vai acontecer! Vamos fazer a manuten\u00e7\u00e3o necess\u00e1ria para esse equipamento t\u00e3o importante&#8221;, explicou o candidato.<\/p>\n","protected":false},"excerpt":{"rendered":"<p>Nesse domingo (11), o candidato a prefeito de Caruaru, Marcelo Gomes (PSB),\u00a0 esteve no bairro Rendeiras, na Feira Livre, para&hellip;<\/p>\n","protected":false},"author":1,"featured_media":62460,"comment_status":"open","ping_status":"open","sticky":false,"template":"","format":"standard","meta":{"footnotes":""},"categories":[14122],"tags":[2,19532,19810,1950,20],"class_list":["post-62459","post","type-post","status-publish","format-standard","has-post-thumbnail","hentry","category-politica","tag-blog-do-edvaldo-magalhaes","tag-blog-mais-acessado-e-visualizado-de-caruaru-e-regiao","tag-marcelo-gomes-defende-infra-estrutura-urbana-para-o-bairro-rendeiras","tag-noticias-de-caruaru","tag-politica"],"_links":{"self":[{"href":"https:\/\/blogdoedvaldomagalhaes.com.br\/index.php\/wp-json\/wp\/v2\/posts\/62459","targetHints":{"allow":["GET"]}}],"collection":[{"href":"https:\/\/blogdoedvaldomagalhaes.com.br\/index.php\/wp-json\/wp\/v2\/posts"}],"about":[{"href":"https:\/\/blogdoedvaldomagalhaes.com.br\/index.php\/wp-json\/wp\/v2\/types\/post"}],"author":[{"embeddable":true,"href":"https:\/\/blogdoedvaldomagalhaes.com.br\/index.php\/wp-json\/wp\/v2\/users\/1"}],"replies":[{"embeddable":true,"href":"https:\/\/blogdoedvaldomagalhaes.com.br\/index.php\/wp-json\/wp\/v2\/comments?post=62459"}],"version-history":[{"count":1,"href":"https:\/\/blogdoedvaldomagalhaes.com.br\/index.php\/wp-json\/wp\/v2\/posts\/62459\/revisions"}],"predecessor-version":[{"id":62461,"href":"https:\/\/blogdoedvaldomagalhaes.com.br\/index.php\/wp-json\/wp\/v2\/posts\/62459\/revisions\/62461"}],"wp:featuredmedia":[{"embeddable":true,"href":"https:\/\/blogdoedvaldomagalhaes.com.br\/index.php\/wp-json\/wp\/v2\/media\/62460"}],"wp:attachment":[{"href":"https:\/\/blogdoedvaldomagalhaes.com.br\/index.php\/wp-json\/wp\/v2\/media?parent=62459"}],"wp:term":[{"taxonomy":"category","embeddable":true,"href":"https:\/\/blogdoedvaldomagalhaes.com.br\/index.php\/wp-json\/wp\/v2\/categories?post=62459"},{"taxonomy":"post_tag","embeddable":true,"href":"https:\/\/blogdoedvaldomagalhaes.com.br\/index.php\/wp-json\/wp\/v2\/tags?post=62459"}],"curies":[{"name":"wp","href":"https:\/\/api.w.org\/{rel}","templated":true}]}}