{"id":62456,"date":"2020-10-12T21:09:32","date_gmt":"2020-10-13T00:09:32","guid":{"rendered":"https:\/\/blogdoedvaldomagalhaes.com.br\/?p=62456"},"modified":"2020-10-12T21:09:33","modified_gmt":"2020-10-13T00:09:33","slug":"marcelo-rodrigues-assume-compromisso-de-fortalecer-a-agricultura-familiar-em-caruaru","status":"publish","type":"post","link":"https:\/\/blogdoedvaldomagalhaes.com.br\/index.php\/2020\/10\/12\/marcelo-rodrigues-assume-compromisso-de-fortalecer-a-agricultura-familiar-em-caruaru\/","title":{"rendered":"Marcelo Rodrigues assume compromisso de fortalecer a agricultura familiar em Caruaru"},"content":{"rendered":"<p style=\"text-align: justify;\"><span style=\"font-size: inherit;\">O candidato \u00e0 Prefeitura de Caruaru pelo PT, Marcelo Rodrigues, esteve na manh\u00e3 desta segunda-feira (12) no Assentamento Normandia, onde foi recebido pelo coordenador nacional do Movimento dos Trabalhadores Rurais Sem Terra (MST), Jaime Amorim, e tamb\u00e9m pelo dirigente estadual do MST, Edilson Barbosa (PT), que \u00e9 candidato a vereador no munic\u00edpio.<\/span><\/p>\n<p style=\"text-align: justify;\">Ao visitar a agroind\u00fastria, o petista se comprometeu com o fortalecimento da agricultura familiar e com a implementa\u00e7\u00e3o do \u2018Cintur\u00e3o Verde\u2019 na Capital do Agreste. Na ocasi\u00e3o, o movimento reafirmou o apoio \u00e0 chapa Marcelo e Ingrid e se colocou \u00e0 disposi\u00e7\u00e3o para construir agendas com a dupla na zona rural da cidade.<\/p>\n<p style=\"text-align: justify;\">\u201cO MST \u00e9 um dos maiores respons\u00e1veis por levar alimento de qualidade \u00e0 mesa das pessoas. A partir de 1\u00ba de janeiro o nosso compromisso ser\u00e1 o de fortalecer a agricultura familiar em Caruaru. Tamb\u00e9m agrade\u00e7o o apoio que o movimento tem nos dado na constru\u00e7\u00e3o das pautas que dizem respeito \u00e0 soberania alimentar\u201d, afirmou Rodrigues.<\/p>\n","protected":false},"excerpt":{"rendered":"<p>O candidato \u00e0 Prefeitura de Caruaru pelo PT, Marcelo Rodrigues, esteve na manh\u00e3 desta segunda-feira (12) no Assentamento Normandia, onde&hellip;<\/p>\n","protected":false},"author":1,"featured_media":62457,"comment_status":"open","ping_status":"open","sticky":false,"template":"","format":"standard","meta":{"footnotes":""},"categories":[14122],"tags":[2,19532,19809,1950,20],"class_list":["post-62456","post","type-post","status-publish","format-standard","has-post-thumbnail","hentry","category-politica","tag-blog-do-edvaldo-magalhaes","tag-blog-mais-acessado-e-visualizado-de-caruaru-e-regiao","tag-marcelo-rodrigues-assume-compromisso-de-fortalecer-a-agricultura-familiar-em-caruaru","tag-noticias-de-caruaru","tag-politica"],"_links":{"self":[{"href":"https:\/\/blogdoedvaldomagalhaes.com.br\/index.php\/wp-json\/wp\/v2\/posts\/62456","targetHints":{"allow":["GET"]}}],"collection":[{"href":"https:\/\/blogdoedvaldomagalhaes.com.br\/index.php\/wp-json\/wp\/v2\/posts"}],"about":[{"href":"https:\/\/blogdoedvaldomagalhaes.com.br\/index.php\/wp-json\/wp\/v2\/types\/post"}],"author":[{"embeddable":true,"href":"https:\/\/blogdoedvaldomagalhaes.com.br\/index.php\/wp-json\/wp\/v2\/users\/1"}],"replies":[{"embeddable":true,"href":"https:\/\/blogdoedvaldomagalhaes.com.br\/index.php\/wp-json\/wp\/v2\/comments?post=62456"}],"version-history":[{"count":1,"href":"https:\/\/blogdoedvaldomagalhaes.com.br\/index.php\/wp-json\/wp\/v2\/posts\/62456\/revisions"}],"predecessor-version":[{"id":62458,"href":"https:\/\/blogdoedvaldomagalhaes.com.br\/index.php\/wp-json\/wp\/v2\/posts\/62456\/revisions\/62458"}],"wp:featuredmedia":[{"embeddable":true,"href":"https:\/\/blogdoedvaldomagalhaes.com.br\/index.php\/wp-json\/wp\/v2\/media\/62457"}],"wp:attachment":[{"href":"https:\/\/blogdoedvaldomagalhaes.com.br\/index.php\/wp-json\/wp\/v2\/media?parent=62456"}],"wp:term":[{"taxonomy":"category","embeddable":true,"href":"https:\/\/blogdoedvaldomagalhaes.com.br\/index.php\/wp-json\/wp\/v2\/categories?post=62456"},{"taxonomy":"post_tag","embeddable":true,"href":"https:\/\/blogdoedvaldomagalhaes.com.br\/index.php\/wp-json\/wp\/v2\/tags?post=62456"}],"curies":[{"name":"wp","href":"https:\/\/api.w.org\/{rel}","templated":true}]}}