{"id":62453,"date":"2020-10-12T21:04:15","date_gmt":"2020-10-13T00:04:15","guid":{"rendered":"https:\/\/blogdoedvaldomagalhaes.com.br\/?p=62453"},"modified":"2020-10-12T21:04:16","modified_gmt":"2020-10-13T00:04:16","slug":"raffie-visita-moradores-da-vila-jua","status":"publish","type":"post","link":"https:\/\/blogdoedvaldomagalhaes.com.br\/index.php\/2020\/10\/12\/raffie-visita-moradores-da-vila-jua\/","title":{"rendered":"Raffi\u00ea visita moradores da Vila Ju\u00e1"},"content":{"rendered":"<p style=\"text-align: justify;\"><span style=\"font-size: inherit;\">O candidato a prefeito de Caruaru, Raffi\u00ea Dellon (PSD), visitou na manh\u00e3 desse domingo (10), a Vila Ju\u00e1, onde foi recebido pelos moradores da comunidade.<\/span><\/p>\n<p style=\"text-align: justify;\">Raffi\u00ea aproveitou a oportunidade para escutar o anseio dos moradores do campo e dos pequenos produtores rurais. \u201cOnde chegamos temos recebido apoio e o carinho do povo, reafirmo meu compromisso com os moradores da comunidade do Ju\u00e1 e de toda zona rural de Caruaru. Vamos implantar medidas para melhorar a qualidade de vida de toda popula\u00e7\u00e3o rural de nosso munic\u00edpio. Um dos nossos projetos ser\u00e1 a implanta\u00e7\u00e3o do Samu Rural, que vai levar rapidez, sa\u00fade e diminuir a dist\u00e2ncia no atendimento dos moradores dos 4 distritos de Caruaru.\u201d, afirmou Raffi\u00ea.<\/p>\n<p style=\"text-align: justify;\">Foto: Andreza Ferreira.<\/p>\n","protected":false},"excerpt":{"rendered":"<p>O candidato a prefeito de Caruaru, Raffi\u00ea Dellon (PSD), visitou na manh\u00e3 desse domingo (10), a Vila Ju\u00e1, onde foi&hellip;<\/p>\n","protected":false},"author":1,"featured_media":62454,"comment_status":"open","ping_status":"open","sticky":false,"template":"","format":"standard","meta":{"footnotes":""},"categories":[14122],"tags":[2,19532,1950,20,19808],"class_list":["post-62453","post","type-post","status-publish","format-standard","has-post-thumbnail","hentry","category-politica","tag-blog-do-edvaldo-magalhaes","tag-blog-mais-acessado-e-visualizado-de-caruaru-e-regiao","tag-noticias-de-caruaru","tag-politica","tag-raffie-visita-moradores-da-vila-jua"],"_links":{"self":[{"href":"https:\/\/blogdoedvaldomagalhaes.com.br\/index.php\/wp-json\/wp\/v2\/posts\/62453","targetHints":{"allow":["GET"]}}],"collection":[{"href":"https:\/\/blogdoedvaldomagalhaes.com.br\/index.php\/wp-json\/wp\/v2\/posts"}],"about":[{"href":"https:\/\/blogdoedvaldomagalhaes.com.br\/index.php\/wp-json\/wp\/v2\/types\/post"}],"author":[{"embeddable":true,"href":"https:\/\/blogdoedvaldomagalhaes.com.br\/index.php\/wp-json\/wp\/v2\/users\/1"}],"replies":[{"embeddable":true,"href":"https:\/\/blogdoedvaldomagalhaes.com.br\/index.php\/wp-json\/wp\/v2\/comments?post=62453"}],"version-history":[{"count":1,"href":"https:\/\/blogdoedvaldomagalhaes.com.br\/index.php\/wp-json\/wp\/v2\/posts\/62453\/revisions"}],"predecessor-version":[{"id":62455,"href":"https:\/\/blogdoedvaldomagalhaes.com.br\/index.php\/wp-json\/wp\/v2\/posts\/62453\/revisions\/62455"}],"wp:featuredmedia":[{"embeddable":true,"href":"https:\/\/blogdoedvaldomagalhaes.com.br\/index.php\/wp-json\/wp\/v2\/media\/62454"}],"wp:attachment":[{"href":"https:\/\/blogdoedvaldomagalhaes.com.br\/index.php\/wp-json\/wp\/v2\/media?parent=62453"}],"wp:term":[{"taxonomy":"category","embeddable":true,"href":"https:\/\/blogdoedvaldomagalhaes.com.br\/index.php\/wp-json\/wp\/v2\/categories?post=62453"},{"taxonomy":"post_tag","embeddable":true,"href":"https:\/\/blogdoedvaldomagalhaes.com.br\/index.php\/wp-json\/wp\/v2\/tags?post=62453"}],"curies":[{"name":"wp","href":"https:\/\/api.w.org\/{rel}","templated":true}]}}