{"id":62450,"date":"2020-10-12T20:57:30","date_gmt":"2020-10-12T23:57:30","guid":{"rendered":"https:\/\/blogdoedvaldomagalhaes.com.br\/?p=62450"},"modified":"2020-10-12T20:57:31","modified_gmt":"2020-10-12T23:57:31","slug":"raquel-lyra-assina-termo-de-adesao-ao-programa-prefeito-amigo-da-crianca","status":"publish","type":"post","link":"https:\/\/blogdoedvaldomagalhaes.com.br\/index.php\/2020\/10\/12\/raquel-lyra-assina-termo-de-adesao-ao-programa-prefeito-amigo-da-crianca\/","title":{"rendered":"Raquel Lyra assina termo de ades\u00e3o ao programa Prefeito Amigo da Crian\u00e7a"},"content":{"rendered":"<p style=\"text-align: justify;\"><span style=\"font-size: inherit;\">A candidata \u00e0 reelei\u00e7\u00e3o em Caruaru, Raquel Lyra (PSDB) ressalta a import\u00e2ncia no investimento dos pequenos caruaruenses que construir\u00e3o o futuro da Capital do Agreste. Na tarde desta segunda-feira (12), a candidata assinou um termo de ades\u00e3o ao programa &#8220;Prefeito Amigo da Crian\u00e7a&#8221;, da Funda\u00e7\u00e3o Abrinq.<\/span><\/p>\n<p style=\"text-align: justify;\">&#8220;Mais uma vez a gente reafirma o nosso compromisso com as crian\u00e7as do nosso munic\u00edpio. A gente t\u00e1 aqui para isso, para proporcionar uma cidade com muito conforto, seguran\u00e7a e lazer para nossas crian\u00e7as. Para quer elas possam ter direito de brincar, sonhar, ter uma moradia&#8221;.<\/p>\n<p style=\"text-align: justify;\">O termo de ades\u00e3o prop\u00f5e a prioriza\u00e7\u00e3o da inf\u00e2ncia e adolesc\u00eancia no mandato. Entre as premissas, est\u00e1 a de qualificar as pol\u00edticas de atendimento \u00e0 Primeira Inf\u00e2ncia. Neste ano, Raquel Lyra recebeu o pr\u00eamio &#8220;Prefeito Amigo da Crian\u00e7a&#8221;, como uma das gestoras que tem o compromisso de priorizar as a\u00e7\u00f5es voltadas para as crian\u00e7as e os adolescentes, tomando medidas transformadoras para a realidade do munic\u00edpio.<\/p>\n","protected":false},"excerpt":{"rendered":"<p>A candidata \u00e0 reelei\u00e7\u00e3o em Caruaru, Raquel Lyra (PSDB) ressalta a import\u00e2ncia no investimento dos pequenos caruaruenses que construir\u00e3o o&hellip;<\/p>\n","protected":false},"author":1,"featured_media":62451,"comment_status":"open","ping_status":"open","sticky":false,"template":"","format":"standard","meta":{"footnotes":""},"categories":[14122],"tags":[2,19532,1950,20,19807],"class_list":["post-62450","post","type-post","status-publish","format-standard","has-post-thumbnail","hentry","category-politica","tag-blog-do-edvaldo-magalhaes","tag-blog-mais-acessado-e-visualizado-de-caruaru-e-regiao","tag-noticias-de-caruaru","tag-politica","tag-raquel-lyra-assina-termo-de-adesao-ao-programa-prefeito-amigo-da-crianca"],"_links":{"self":[{"href":"https:\/\/blogdoedvaldomagalhaes.com.br\/index.php\/wp-json\/wp\/v2\/posts\/62450","targetHints":{"allow":["GET"]}}],"collection":[{"href":"https:\/\/blogdoedvaldomagalhaes.com.br\/index.php\/wp-json\/wp\/v2\/posts"}],"about":[{"href":"https:\/\/blogdoedvaldomagalhaes.com.br\/index.php\/wp-json\/wp\/v2\/types\/post"}],"author":[{"embeddable":true,"href":"https:\/\/blogdoedvaldomagalhaes.com.br\/index.php\/wp-json\/wp\/v2\/users\/1"}],"replies":[{"embeddable":true,"href":"https:\/\/blogdoedvaldomagalhaes.com.br\/index.php\/wp-json\/wp\/v2\/comments?post=62450"}],"version-history":[{"count":1,"href":"https:\/\/blogdoedvaldomagalhaes.com.br\/index.php\/wp-json\/wp\/v2\/posts\/62450\/revisions"}],"predecessor-version":[{"id":62452,"href":"https:\/\/blogdoedvaldomagalhaes.com.br\/index.php\/wp-json\/wp\/v2\/posts\/62450\/revisions\/62452"}],"wp:featuredmedia":[{"embeddable":true,"href":"https:\/\/blogdoedvaldomagalhaes.com.br\/index.php\/wp-json\/wp\/v2\/media\/62451"}],"wp:attachment":[{"href":"https:\/\/blogdoedvaldomagalhaes.com.br\/index.php\/wp-json\/wp\/v2\/media?parent=62450"}],"wp:term":[{"taxonomy":"category","embeddable":true,"href":"https:\/\/blogdoedvaldomagalhaes.com.br\/index.php\/wp-json\/wp\/v2\/categories?post=62450"},{"taxonomy":"post_tag","embeddable":true,"href":"https:\/\/blogdoedvaldomagalhaes.com.br\/index.php\/wp-json\/wp\/v2\/tags?post=62450"}],"curies":[{"name":"wp","href":"https:\/\/api.w.org\/{rel}","templated":true}]}}