{"id":62446,"date":"2020-10-12T19:46:55","date_gmt":"2020-10-12T22:46:55","guid":{"rendered":"https:\/\/blogdoedvaldomagalhaes.com.br\/?p=62446"},"modified":"2020-10-12T19:46:56","modified_gmt":"2020-10-12T22:46:56","slug":"festa-de-nossa-senhora-de-fatima-em-caruaru-tem-inicio-nesta-terca-feira-13","status":"publish","type":"post","link":"https:\/\/blogdoedvaldomagalhaes.com.br\/index.php\/2020\/10\/12\/festa-de-nossa-senhora-de-fatima-em-caruaru-tem-inicio-nesta-terca-feira-13\/","title":{"rendered":"Festa de Nossa Senhora de F\u00e1tima em Caruaru tem in\u00edcio nesta ter\u00e7a-feira (13)"},"content":{"rendered":"<p style=\"text-align: justify;\">Com o tema \u201cCompadecida do povo teu\u201d, a par\u00f3quia de Nossa Senhora de F\u00e1tima, localizada no bairro Boa Vista II, celebrar\u00e1 os seus 30 anos durante a festa em honra a padroeira. A programa\u00e7\u00e3o tem in\u00edcio na ter\u00e7a-feira (13) a partir das 7h da manh\u00e3, e segue at\u00e9 o dia 18 de outubro. O lema da festa neste ano \u00e9 \u201c30 anos de hist\u00f3ria, sob o amparo da Virgem de F\u00e1tima\u201d. <br \/><br \/>No dia da abertura da festa, \u00e0s 12h, haver\u00e1 Celebra\u00e7\u00e3o Eucar\u00edstica presidida pelo Padre Zenilson Tib\u00farcio (p\u00e1roco da Catedral) e \u00e0s 19h30 quem preside a Eucaristia \u00e9 o bispo em\u00e9rito Dom Bernardino Marchi\u00f3. Todos os dias haver\u00e1 missa \u00e0s 7h presidida pelo Padre Bianchi Xavier. <br \/><br \/>Seguindo as orienta\u00e7\u00f5es do decreto da Diocese para celebra\u00e7\u00f5es durante o per\u00edodo de pandemia, a participa\u00e7\u00e3o nas missas deve ser agendada atrav\u00e9s do WhatsApp (81) 99147-5116 ou diretamente na secretaria paroquial. Al\u00e9m disso, haver\u00e1 transmiss\u00e3o no Youtube e Facebook da Par\u00f3quia.<br \/><br \/>Este ano, durante o dia 15 de outubro ser\u00e3o realizadas visitas aos enfermos como parte da programa\u00e7\u00e3o da festa. E no dia 16 ser\u00e3o celebrados os 50 anos do Encontro de Casais com Cristo. De 14 a 17, todos os dias ser\u00e1 realizado \u00e0s 12h o canto do AKATHIST\u00d3S (hino lit\u00fargico \u00e0 M\u00e3e de Deus) e \u00e0s 15h a reza do Ter\u00e7o da Miseric\u00f3rdia.<br \/><br \/>A programa\u00e7\u00e3o do dia 18 de outubro iniciar\u00e1 com missas \u00e0s 7h e 9h da manh\u00e3, e \u00e0s 17h uma prociss\u00e3o motorizada com a imagem de Nossa Senhora de F\u00e1tima passar\u00e1 pelas ruas dos bairros que ficam no entorno da par\u00f3quia. Em seguida, o Pe. Jos\u00e9 Adjacl\u00e9cio, administrador da Par\u00f3quia, celebrar\u00e1 a Eucaristia e far\u00e1 o encerramento das festividades deste ano<br \/><br \/><br \/>PROGRAMA\u00c7\u00c3O DA FESTA:<br \/><br \/>DIA 13<br \/>Subtema: Maria, amparo dos profissionais de sa\u00fade<br \/>12h: Celebra\u00e7\u00e3o Eucar\u00edstica presidida pelo Revmo. Padre Zenilson Tib\u00farcio, p\u00e1roco da Catedral &#8211; Caruaru.<br \/>19h30: Celebra\u00e7\u00e3o Eucar\u00edstica presidida pelo Exmo. Revmo. Dom Bernardino Marchi\u00f3, bispo em\u00e9rito de Caruaru.<br \/><br \/>DIA 14 <br \/>Subtema: Maria, amparo dos trabalhadores e desempregados<br \/>12h: Canto do AKATHIST\u00d3S<br \/>15h: Hora da Miseric\u00f3rdia<br \/>19h30: Celebra\u00e7\u00e3o Eucar\u00edstica presidida pelo Revmo. Padre Jos\u00e9 Bartolomeu F\u00e9lix, p\u00e1roco da Par\u00f3quia do Ros\u00e1rio &#8211; Caruaru.<br \/><br \/>DIA 15<br \/>Subtema: Maria, amparo dos enfermos<br \/>Ser\u00e3o realizadas visitas aos enfermos durante o dia.<br \/>12h: Canto do AKATHIST\u00d3S<br \/>15h: Hora da Miseric\u00f3rdia<br \/>19h30: Celebra\u00e7\u00e3o Eucar\u00edstica presidida pelo Revmo. Padre Janailton Alves dos Santos, p\u00e1roco da Par\u00f3quia de Nossa Senhora da Concei\u00e7\u00e3o &#8211; Toritama.<br \/><br \/>DIA 16<br \/>Subtema: Maria, amparo da fam\u00edlia<br \/>Na ocasi\u00e3o, ser\u00e3o celebrados os 50 anos do ECC.<br \/>12h: Canto do AKATHIST\u00d3S<br \/>15h: Hora da Miseric\u00f3rdia<br \/>19h30: Celebra\u00e7\u00e3o Eucar\u00edstica presidida pelo Revmo. Padre Sivonaldo Pedro de Oliveira, p\u00e1roco da Par\u00f3quia de Nossa Senhora Aparecida &#8211; Bonito.<br \/><br \/>DIA 17<br \/>Subtema: Maria, amparo da juventude<br \/>12h: Canto do AKATHIST\u00d3S<br \/>15h: Hora da Miseric\u00f3rdia<br \/>19h30: Celebra\u00e7\u00e3o Eucar\u00edstica presidida pelo Revmo. Padre Heleno Jos\u00e9 Vieira, p\u00e1roco da Par\u00f3quia de Nossa Senhora das Gra\u00e7as &#8211; Caruaru.<br \/><br \/>DIA 18<br \/>Subtema: Maria, amparo da Igreja<br \/>9h: Celebra\u00e7\u00e3o Eucar\u00edstica presidida pelo Revmo. Padre Bianchi Xavier, p\u00e1roco da Par\u00f3quia de Nossa Senhora de F\u00e1tima &#8211; Caruaru.<br \/>17h: Prociss\u00e3o motorizada com a imagem de Nossa Senhora de F\u00e1tima pelas ruas.<br \/>Em seguida, Celebra\u00e7\u00e3o Eucar\u00edstica de encerramento da festa presidida pelo Revmo. Padre Jos\u00e9 Adjacl\u00e9cio da Silva, administrador da Par\u00f3quia de Nossa Senhora de F\u00e1tima &#8211; Caruaru.<\/p>\n\n\n<figure class=\"wp-block-image size-large\"><img loading=\"lazy\" decoding=\"async\" width=\"750\" height=\"1024\" src=\"https:\/\/blogdoedvaldomagalhaes.com.br\/wp-content\/uploads\/2020\/10\/IMG-20201011-WA0127.jpg\" alt=\"\" class=\"wp-image-62448\" srcset=\"https:\/\/blogdoedvaldomagalhaes.com.br\/wp-content\/uploads\/2020\/10\/IMG-20201011-WA0127.jpg 750w, https:\/\/blogdoedvaldomagalhaes.com.br\/wp-content\/uploads\/2020\/10\/IMG-20201011-WA0127-220x300.jpg 220w\" sizes=\"auto, (max-width: 750px) 100vw, 750px\" \/><\/figure>\n","protected":false},"excerpt":{"rendered":"<p>Com o tema \u201cCompadecida do povo teu\u201d, a par\u00f3quia de Nossa Senhora de F\u00e1tima, localizada no bairro Boa Vista II,&hellip;<\/p>\n","protected":false},"author":1,"featured_media":62447,"comment_status":"open","ping_status":"open","sticky":false,"template":"","format":"standard","meta":{"footnotes":""},"categories":[14120],"tags":[2,19532,19806,1950],"class_list":["post-62446","post","type-post","status-publish","format-standard","has-post-thumbnail","hentry","category-noticias","tag-blog-do-edvaldo-magalhaes","tag-blog-mais-acessado-e-visualizado-de-caruaru-e-regiao","tag-festa-de-nossa-senhora-de-fatima-em-caruaru-tem-inicio-nesta-terca-feira-13","tag-noticias-de-caruaru"],"_links":{"self":[{"href":"https:\/\/blogdoedvaldomagalhaes.com.br\/index.php\/wp-json\/wp\/v2\/posts\/62446","targetHints":{"allow":["GET"]}}],"collection":[{"href":"https:\/\/blogdoedvaldomagalhaes.com.br\/index.php\/wp-json\/wp\/v2\/posts"}],"about":[{"href":"https:\/\/blogdoedvaldomagalhaes.com.br\/index.php\/wp-json\/wp\/v2\/types\/post"}],"author":[{"embeddable":true,"href":"https:\/\/blogdoedvaldomagalhaes.com.br\/index.php\/wp-json\/wp\/v2\/users\/1"}],"replies":[{"embeddable":true,"href":"https:\/\/blogdoedvaldomagalhaes.com.br\/index.php\/wp-json\/wp\/v2\/comments?post=62446"}],"version-history":[{"count":1,"href":"https:\/\/blogdoedvaldomagalhaes.com.br\/index.php\/wp-json\/wp\/v2\/posts\/62446\/revisions"}],"predecessor-version":[{"id":62449,"href":"https:\/\/blogdoedvaldomagalhaes.com.br\/index.php\/wp-json\/wp\/v2\/posts\/62446\/revisions\/62449"}],"wp:featuredmedia":[{"embeddable":true,"href":"https:\/\/blogdoedvaldomagalhaes.com.br\/index.php\/wp-json\/wp\/v2\/media\/62447"}],"wp:attachment":[{"href":"https:\/\/blogdoedvaldomagalhaes.com.br\/index.php\/wp-json\/wp\/v2\/media?parent=62446"}],"wp:term":[{"taxonomy":"category","embeddable":true,"href":"https:\/\/blogdoedvaldomagalhaes.com.br\/index.php\/wp-json\/wp\/v2\/categories?post=62446"},{"taxonomy":"post_tag","embeddable":true,"href":"https:\/\/blogdoedvaldomagalhaes.com.br\/index.php\/wp-json\/wp\/v2\/tags?post=62446"}],"curies":[{"name":"wp","href":"https:\/\/api.w.org\/{rel}","templated":true}]}}