{"id":62441,"date":"2020-10-12T19:21:32","date_gmt":"2020-10-12T22:21:32","guid":{"rendered":"https:\/\/blogdoedvaldomagalhaes.com.br\/?p=62441"},"modified":"2020-10-12T19:21:33","modified_gmt":"2020-10-12T22:21:33","slug":"caruaru-registra-5-novos-casos-de-covid-19-e-nenhuma-morte-nas-ultimas-24-horas","status":"publish","type":"post","link":"https:\/\/blogdoedvaldomagalhaes.com.br\/index.php\/2020\/10\/12\/caruaru-registra-5-novos-casos-de-covid-19-e-nenhuma-morte-nas-ultimas-24-horas\/","title":{"rendered":"Caruaru registra 5 novos casos de Covid-19 e nenhuma morte nas \u00faltimas 24 horas"},"content":{"rendered":"<p style=\"text-align: justify;\"><span style=\"font-size: inherit;\">A Secretaria de Sa\u00fade de Caruaru informa que at\u00e9 esta segunda (12) 94,85% dos pacientes j\u00e1 se recuperaram do novo coronav\u00edrus.<\/span><\/p>\n<p style=\"text-align: justify;\">O n\u00famero de testes realizados subiu para 26.016 dos quais 9.319 foram atrav\u00e9s do teste molecular e 16.697 do teste r\u00e1pido, com 8.995 confirma\u00e7\u00f5es para \u00e0 Covid-19.<\/p>\n<p style=\"text-align: justify;\">O n\u00famero de casos descartados subiu para 16.468.<\/p>\n<p style=\"text-align: justify;\">Tamb\u00e9m j\u00e1 foram registrados 35.076 casos de s\u00edndrome gripal, dos quais 1.779 foram orientados a ficar em isolamento domiciliar.<\/p>\n<p style=\"text-align: justify;\">Foto: Flavio TinND.<\/p>\n\n\n<figure class=\"wp-block-image size-large\"><img loading=\"lazy\" decoding=\"async\" width=\"1024\" height=\"1024\" src=\"https:\/\/blogdoedvaldomagalhaes.com.br\/wp-content\/uploads\/2020\/10\/IMG-20201012-WA0105-1024x1024.jpg\" alt=\"\" class=\"wp-image-62442\" srcset=\"https:\/\/blogdoedvaldomagalhaes.com.br\/wp-content\/uploads\/2020\/10\/IMG-20201012-WA0105-1024x1024.jpg 1024w, https:\/\/blogdoedvaldomagalhaes.com.br\/wp-content\/uploads\/2020\/10\/IMG-20201012-WA0105-300x300.jpg 300w, https:\/\/blogdoedvaldomagalhaes.com.br\/wp-content\/uploads\/2020\/10\/IMG-20201012-WA0105-150x150.jpg 150w, https:\/\/blogdoedvaldomagalhaes.com.br\/wp-content\/uploads\/2020\/10\/IMG-20201012-WA0105-768x768.jpg 768w, https:\/\/blogdoedvaldomagalhaes.com.br\/wp-content\/uploads\/2020\/10\/IMG-20201012-WA0105.jpg 1280w\" sizes=\"auto, (max-width: 1024px) 100vw, 1024px\" \/><\/figure>\n\n\n\n<figure class=\"wp-block-image size-large\"><img loading=\"lazy\" decoding=\"async\" width=\"1024\" height=\"1024\" src=\"https:\/\/blogdoedvaldomagalhaes.com.br\/wp-content\/uploads\/2020\/10\/IMG-20201012-WA0106-1024x1024.jpg\" alt=\"\" class=\"wp-image-62443\" srcset=\"https:\/\/blogdoedvaldomagalhaes.com.br\/wp-content\/uploads\/2020\/10\/IMG-20201012-WA0106-1024x1024.jpg 1024w, https:\/\/blogdoedvaldomagalhaes.com.br\/wp-content\/uploads\/2020\/10\/IMG-20201012-WA0106-300x300.jpg 300w, https:\/\/blogdoedvaldomagalhaes.com.br\/wp-content\/uploads\/2020\/10\/IMG-20201012-WA0106-150x150.jpg 150w, https:\/\/blogdoedvaldomagalhaes.com.br\/wp-content\/uploads\/2020\/10\/IMG-20201012-WA0106-768x768.jpg 768w, https:\/\/blogdoedvaldomagalhaes.com.br\/wp-content\/uploads\/2020\/10\/IMG-20201012-WA0106.jpg 1280w\" sizes=\"auto, (max-width: 1024px) 100vw, 1024px\" \/><\/figure>\n","protected":false},"excerpt":{"rendered":"<p>A Secretaria de Sa\u00fade de Caruaru informa que at\u00e9 esta segunda (12) 94,85% dos pacientes j\u00e1 se recuperaram do novo&hellip;<\/p>\n","protected":false},"author":1,"featured_media":62444,"comment_status":"open","ping_status":"open","sticky":false,"template":"","format":"standard","meta":{"footnotes":""},"categories":[14120],"tags":[2,19532,19805,1950],"class_list":["post-62441","post","type-post","status-publish","format-standard","has-post-thumbnail","hentry","category-noticias","tag-blog-do-edvaldo-magalhaes","tag-blog-mais-acessado-e-visualizado-de-caruaru-e-regiao","tag-caruaru-registra-5-novos-casos-de-covid-19-e-nenhuma-morte-nas-ultimas-24-horas","tag-noticias-de-caruaru"],"_links":{"self":[{"href":"https:\/\/blogdoedvaldomagalhaes.com.br\/index.php\/wp-json\/wp\/v2\/posts\/62441","targetHints":{"allow":["GET"]}}],"collection":[{"href":"https:\/\/blogdoedvaldomagalhaes.com.br\/index.php\/wp-json\/wp\/v2\/posts"}],"about":[{"href":"https:\/\/blogdoedvaldomagalhaes.com.br\/index.php\/wp-json\/wp\/v2\/types\/post"}],"author":[{"embeddable":true,"href":"https:\/\/blogdoedvaldomagalhaes.com.br\/index.php\/wp-json\/wp\/v2\/users\/1"}],"replies":[{"embeddable":true,"href":"https:\/\/blogdoedvaldomagalhaes.com.br\/index.php\/wp-json\/wp\/v2\/comments?post=62441"}],"version-history":[{"count":1,"href":"https:\/\/blogdoedvaldomagalhaes.com.br\/index.php\/wp-json\/wp\/v2\/posts\/62441\/revisions"}],"predecessor-version":[{"id":62445,"href":"https:\/\/blogdoedvaldomagalhaes.com.br\/index.php\/wp-json\/wp\/v2\/posts\/62441\/revisions\/62445"}],"wp:featuredmedia":[{"embeddable":true,"href":"https:\/\/blogdoedvaldomagalhaes.com.br\/index.php\/wp-json\/wp\/v2\/media\/62444"}],"wp:attachment":[{"href":"https:\/\/blogdoedvaldomagalhaes.com.br\/index.php\/wp-json\/wp\/v2\/media?parent=62441"}],"wp:term":[{"taxonomy":"category","embeddable":true,"href":"https:\/\/blogdoedvaldomagalhaes.com.br\/index.php\/wp-json\/wp\/v2\/categories?post=62441"},{"taxonomy":"post_tag","embeddable":true,"href":"https:\/\/blogdoedvaldomagalhaes.com.br\/index.php\/wp-json\/wp\/v2\/tags?post=62441"}],"curies":[{"name":"wp","href":"https:\/\/api.w.org\/{rel}","templated":true}]}}