{"id":62437,"date":"2020-10-12T18:40:06","date_gmt":"2020-10-12T21:40:06","guid":{"rendered":"https:\/\/blogdoedvaldomagalhaes.com.br\/?p=62437"},"modified":"2020-10-12T18:46:00","modified_gmt":"2020-10-12T21:46:00","slug":"policiais-do-4-bpm-realizam-acao-alusiva-ao-dia-das-criancas-em-caruaru","status":"publish","type":"post","link":"https:\/\/blogdoedvaldomagalhaes.com.br\/index.php\/2020\/10\/12\/policiais-do-4-bpm-realizam-acao-alusiva-ao-dia-das-criancas-em-caruaru\/","title":{"rendered":"Policiais do 4\u00b0 BPM realizam a\u00e7\u00e3o alusiva ao Dia das Crian\u00e7as em Caruaru"},"content":{"rendered":"<p style=\"text-align: justify;\"><span style=\"font-size: inherit;\">Nesta segunda-feira (12), policiais militares do <\/span><span style=\"font-size: inherit;\">4\u00b0 BPM realizaram uma a\u00e7\u00e3o alusiva ao dia das crian\u00e7as, distribuindo brinquedos, bombons, pipocas, salgadinhos e outras guloseimas para as crian\u00e7as do Residencial Luiz Bezerra Torres, em Caruaru.<\/span><\/p>\n<p style=\"text-align: justify;\">A a\u00e7\u00e3o visou levar um momento de alegria neste dia especial para as crian\u00e7as daquele bairro t\u00e3o carente.<\/p>\n<p style=\"text-align: justify;\">TC PM SARAIVA &#8211; Comandante d<span style=\"font-size: inherit;\">o 4\u00b0 BPM<\/span><\/p>\n<p style=\"text-align: justify;\">Pol\u00edcia Militar de Pernambuco: Nossa presen\u00e7a, sua seguran\u00e7a!<\/p>\n","protected":false},"excerpt":{"rendered":"<p>Nesta segunda-feira (12), policiais militares do 4\u00b0 BPM realizaram uma a\u00e7\u00e3o alusiva ao dia das crian\u00e7as, distribuindo brinquedos, bombons, pipocas,&hellip;<\/p>\n","protected":false},"author":1,"featured_media":62438,"comment_status":"open","ping_status":"open","sticky":false,"template":"","format":"standard","meta":{"footnotes":""},"categories":[14120],"tags":[2,19532,1950,19804],"class_list":["post-62437","post","type-post","status-publish","format-standard","has-post-thumbnail","hentry","category-noticias","tag-blog-do-edvaldo-magalhaes","tag-blog-mais-acessado-e-visualizado-de-caruaru-e-regiao","tag-noticias-de-caruaru","tag-policiais-do-4-bpm-realizam-acao-alusiva-ao-dia-das-criancas-em-caruaru"],"_links":{"self":[{"href":"https:\/\/blogdoedvaldomagalhaes.com.br\/index.php\/wp-json\/wp\/v2\/posts\/62437","targetHints":{"allow":["GET"]}}],"collection":[{"href":"https:\/\/blogdoedvaldomagalhaes.com.br\/index.php\/wp-json\/wp\/v2\/posts"}],"about":[{"href":"https:\/\/blogdoedvaldomagalhaes.com.br\/index.php\/wp-json\/wp\/v2\/types\/post"}],"author":[{"embeddable":true,"href":"https:\/\/blogdoedvaldomagalhaes.com.br\/index.php\/wp-json\/wp\/v2\/users\/1"}],"replies":[{"embeddable":true,"href":"https:\/\/blogdoedvaldomagalhaes.com.br\/index.php\/wp-json\/wp\/v2\/comments?post=62437"}],"version-history":[{"count":2,"href":"https:\/\/blogdoedvaldomagalhaes.com.br\/index.php\/wp-json\/wp\/v2\/posts\/62437\/revisions"}],"predecessor-version":[{"id":62440,"href":"https:\/\/blogdoedvaldomagalhaes.com.br\/index.php\/wp-json\/wp\/v2\/posts\/62437\/revisions\/62440"}],"wp:featuredmedia":[{"embeddable":true,"href":"https:\/\/blogdoedvaldomagalhaes.com.br\/index.php\/wp-json\/wp\/v2\/media\/62438"}],"wp:attachment":[{"href":"https:\/\/blogdoedvaldomagalhaes.com.br\/index.php\/wp-json\/wp\/v2\/media?parent=62437"}],"wp:term":[{"taxonomy":"category","embeddable":true,"href":"https:\/\/blogdoedvaldomagalhaes.com.br\/index.php\/wp-json\/wp\/v2\/categories?post=62437"},{"taxonomy":"post_tag","embeddable":true,"href":"https:\/\/blogdoedvaldomagalhaes.com.br\/index.php\/wp-json\/wp\/v2\/tags?post=62437"}],"curies":[{"name":"wp","href":"https:\/\/api.w.org\/{rel}","templated":true}]}}