{"id":62432,"date":"2020-10-12T12:27:04","date_gmt":"2020-10-12T15:27:04","guid":{"rendered":"https:\/\/blogdoedvaldomagalhaes.com.br\/?p=62432"},"modified":"2020-10-12T13:10:52","modified_gmt":"2020-10-12T16:10:52","slug":"tecnico-silvio-criciuma-permanece-no-central-apos-pedido-do-elenco-a-diretoria","status":"publish","type":"post","link":"https:\/\/blogdoedvaldomagalhaes.com.br\/index.php\/2020\/10\/12\/tecnico-silvio-criciuma-permanece-no-central-apos-pedido-do-elenco-a-diretoria\/","title":{"rendered":"T\u00e9cnico S\u00edlvio Crici\u00fama permanece no Central ap\u00f3s pedido do elenco \u00e0 diretoria"},"content":{"rendered":"<p style=\"text-align: justify;\"><span style=\"font-size: inherit;\">Durante uma reuni\u00e3o entre a diretoria e o departamento de futebol do Central, ficou decidido que o t\u00e9cnico Silvio Crici\u00fama n\u00e3o permaneceria no comando do Central Sport Club\u00a0 e <\/span>ap\u00f3s uma reuni\u00e3o entre a diretoria\u00a0 e o elenco, ficou definido que o t\u00e9cnico Silvio Crici\u00fama permanece no comando do Alvinegro Caruaruense. O pedido foi dos atletas.<\/p>\n<p style=\"text-align: justify;\">O Central empatou os cincos jogos que disputou pela S\u00e9rie D, e a pr\u00f3xima partida ser\u00e1 contra o Freipaulistano, \u00e0s 16, em Freipaulo, interior de Sergipe, nesta quarta-feira (14).<\/p>\n<p style=\"text-align: justify;\">\ud83d\udcf8Marlon Costa<\/p>\n","protected":false},"excerpt":{"rendered":"<p>Durante uma reuni\u00e3o entre a diretoria e o departamento de futebol do Central, ficou decidido que o t\u00e9cnico Silvio Crici\u00fama&hellip;<\/p>\n","protected":false},"author":1,"featured_media":62433,"comment_status":"open","ping_status":"open","sticky":false,"template":"","format":"standard","meta":{"footnotes":""},"categories":[14124],"tags":[2,19418,19803],"class_list":["post-62432","post","type-post","status-publish","format-standard","has-post-thumbnail","hentry","category-centralsc","tag-blog-do-edvaldo-magalhaes","tag-blog-mais-acessado-de-caruaru-e-regiao","tag-tecnico-silvio-criciuma-permanece-no-central-apos-pedido-do-elenco-a-diretoria"],"_links":{"self":[{"href":"https:\/\/blogdoedvaldomagalhaes.com.br\/index.php\/wp-json\/wp\/v2\/posts\/62432","targetHints":{"allow":["GET"]}}],"collection":[{"href":"https:\/\/blogdoedvaldomagalhaes.com.br\/index.php\/wp-json\/wp\/v2\/posts"}],"about":[{"href":"https:\/\/blogdoedvaldomagalhaes.com.br\/index.php\/wp-json\/wp\/v2\/types\/post"}],"author":[{"embeddable":true,"href":"https:\/\/blogdoedvaldomagalhaes.com.br\/index.php\/wp-json\/wp\/v2\/users\/1"}],"replies":[{"embeddable":true,"href":"https:\/\/blogdoedvaldomagalhaes.com.br\/index.php\/wp-json\/wp\/v2\/comments?post=62432"}],"version-history":[{"count":2,"href":"https:\/\/blogdoedvaldomagalhaes.com.br\/index.php\/wp-json\/wp\/v2\/posts\/62432\/revisions"}],"predecessor-version":[{"id":62436,"href":"https:\/\/blogdoedvaldomagalhaes.com.br\/index.php\/wp-json\/wp\/v2\/posts\/62432\/revisions\/62436"}],"wp:featuredmedia":[{"embeddable":true,"href":"https:\/\/blogdoedvaldomagalhaes.com.br\/index.php\/wp-json\/wp\/v2\/media\/62433"}],"wp:attachment":[{"href":"https:\/\/blogdoedvaldomagalhaes.com.br\/index.php\/wp-json\/wp\/v2\/media?parent=62432"}],"wp:term":[{"taxonomy":"category","embeddable":true,"href":"https:\/\/blogdoedvaldomagalhaes.com.br\/index.php\/wp-json\/wp\/v2\/categories?post=62432"},{"taxonomy":"post_tag","embeddable":true,"href":"https:\/\/blogdoedvaldomagalhaes.com.br\/index.php\/wp-json\/wp\/v2\/tags?post=62432"}],"curies":[{"name":"wp","href":"https:\/\/api.w.org\/{rel}","templated":true}]}}