{"id":62382,"date":"2020-10-09T12:44:12","date_gmt":"2020-10-09T15:44:12","guid":{"rendered":"https:\/\/blogdoedvaldomagalhaes.com.br\/?p=62382"},"modified":"2020-10-09T13:05:20","modified_gmt":"2020-10-09T16:05:20","slug":"marcelo-gomes-inaugura-a-comite-com-foco-no-crescimento-da-campanha-em-caruaru","status":"publish","type":"post","link":"https:\/\/blogdoedvaldomagalhaes.com.br\/index.php\/2020\/10\/09\/marcelo-gomes-inaugura-a-comite-com-foco-no-crescimento-da-campanha-em-caruaru\/","title":{"rendered":"Marcelo Gomes inaugura a comit\u00ea com foco no crescimento da campanha em Caruaru"},"content":{"rendered":"<p style=\"text-align: justify;\"><span style=\"font-size: inherit;\">Na noite dessa quinta-feira (08), aconteceu o evento de inaugura\u00e7\u00e3o do Comit\u00ea 40, que traz como candidato a prefeito Marcelo Gomes (PSB) e a vice, Ailza Trajano (PC do B). O espa\u00e7o fica localizado na Avenida Osvaldo Cruz, uma das mais conhecidas da cidade. O respeito aos protocolos de preven\u00e7\u00e3o \u00e0 Covid-19 est\u00e1 presente em todo o local e pauta todas as atividades, segundo Marcelo Gomes.<\/span><\/p>\n<p style=\"text-align: justify;\">Na abertura, o socialista fez quest\u00e3o de dedicar um minuto de sil\u00eancio pelas fam\u00edlias enlutadas na cidade, diante dessa pandemia, e tamb\u00e9m foi feita uma salva de palmas em reconhecimento \u201cao trabalho de profissionais que lutam na linha de enfrentamento ao novo coronav\u00edrus, na sa\u00fade, em especial e aos que se reinventam para cumprir suas miss\u00f5es, como os educadores da cidade\u201d, explicou.<\/p>\n<p style=\"text-align: justify;\">O evento inaugural contou com a participa\u00e7\u00e3o de representantes e candidatos a vereadores dos partidos PSB, PC do B, PDT e MDB, que comp\u00f5em a Frente Popular de Caruaru, num momento de alinhamento de vis\u00f5es e energia. Em seu discurso, Marcelo ressaltou a import\u00e2ncia do apoio de lideran\u00e7as como os deputados Z\u00e9 Queiroz (PDT), Wolney Queiroz (PDT) e Tony Gel (MDB) para exercer um mandato baseado no di\u00e1logo e na democracia. \u201cEles j\u00e1 fizeram muito por nossa cidade e ir\u00e3o contribuir para que, em meu mandato, eu olhe por quem mais precisa, para as pessoas que est\u00e3o na periferia e na zona rural, al\u00e9m de trazer muitos investimentos\u201d, destacou o candidato.<\/p>\n<p style=\"text-align: justify;\">A candidata a vice, Ailza Trajano, compartilhou not\u00edcias para o turismo e a cultura de Caruaru. \u201cO Museu Mestre Vitalino ser\u00e1 administrado pelo Governo do Estado. Agora sim ele ser\u00e1 cuidado de verdade&#8221;, relatou.<\/p>\n<p style=\"text-align: justify;\">Para finalizar, Marcelo falou do seu orgulho em ter sido indicado para ser o candidato \u00e0 Prefeitura pelo seu partido, o qual \u00e9 presidente municipal. \u201cAprendi muito ao longo da vida, junto a grandes lideran\u00e7as, na forma\u00e7\u00e3o em direito e ainda nos meus dois mandatos como vereador, e sei que estou capacitado para gerir Caruaru\u201d, explicou Gomes. Ele acrescentou como no seu governo estar\u00e1 aberto para toda a comunidade, independente de classe, ra\u00e7a e ideologia: \u201cN\u00e3o vou descansar enquanto n\u00e3o olhar nos olhos de todos os caruaruenses e fazer o que for necess\u00e1rio para que a nossa cidade volte a crescer e ser destaque, como ela merece!\u201d.<\/p>\n","protected":false},"excerpt":{"rendered":"<p>Na noite dessa quinta-feira (08), aconteceu o evento de inaugura\u00e7\u00e3o do Comit\u00ea 40, que traz como candidato a prefeito Marcelo&hellip;<\/p>\n","protected":false},"author":1,"featured_media":62383,"comment_status":"open","ping_status":"open","sticky":false,"template":"","format":"standard","meta":{"footnotes":""},"categories":[14122],"tags":[2,19532,19793,1950,20,381],"class_list":["post-62382","post","type-post","status-publish","format-standard","has-post-thumbnail","hentry","category-politica","tag-blog-do-edvaldo-magalhaes","tag-blog-mais-acessado-e-visualizado-de-caruaru-e-regiao","tag-marcelo-gomes-inaugura-a-comite-com-foco-no-crescimento-da-campanha-em-caruaru","tag-noticias-de-caruaru","tag-politica","tag-psb"],"_links":{"self":[{"href":"https:\/\/blogdoedvaldomagalhaes.com.br\/index.php\/wp-json\/wp\/v2\/posts\/62382","targetHints":{"allow":["GET"]}}],"collection":[{"href":"https:\/\/blogdoedvaldomagalhaes.com.br\/index.php\/wp-json\/wp\/v2\/posts"}],"about":[{"href":"https:\/\/blogdoedvaldomagalhaes.com.br\/index.php\/wp-json\/wp\/v2\/types\/post"}],"author":[{"embeddable":true,"href":"https:\/\/blogdoedvaldomagalhaes.com.br\/index.php\/wp-json\/wp\/v2\/users\/1"}],"replies":[{"embeddable":true,"href":"https:\/\/blogdoedvaldomagalhaes.com.br\/index.php\/wp-json\/wp\/v2\/comments?post=62382"}],"version-history":[{"count":2,"href":"https:\/\/blogdoedvaldomagalhaes.com.br\/index.php\/wp-json\/wp\/v2\/posts\/62382\/revisions"}],"predecessor-version":[{"id":62389,"href":"https:\/\/blogdoedvaldomagalhaes.com.br\/index.php\/wp-json\/wp\/v2\/posts\/62382\/revisions\/62389"}],"wp:featuredmedia":[{"embeddable":true,"href":"https:\/\/blogdoedvaldomagalhaes.com.br\/index.php\/wp-json\/wp\/v2\/media\/62383"}],"wp:attachment":[{"href":"https:\/\/blogdoedvaldomagalhaes.com.br\/index.php\/wp-json\/wp\/v2\/media?parent=62382"}],"wp:term":[{"taxonomy":"category","embeddable":true,"href":"https:\/\/blogdoedvaldomagalhaes.com.br\/index.php\/wp-json\/wp\/v2\/categories?post=62382"},{"taxonomy":"post_tag","embeddable":true,"href":"https:\/\/blogdoedvaldomagalhaes.com.br\/index.php\/wp-json\/wp\/v2\/tags?post=62382"}],"curies":[{"name":"wp","href":"https:\/\/api.w.org\/{rel}","templated":true}]}}