{"id":62380,"date":"2020-10-09T11:50:36","date_gmt":"2020-10-09T14:50:36","guid":{"rendered":"https:\/\/blogdoedvaldomagalhaes.com.br\/?p=62380"},"modified":"2020-10-09T11:52:18","modified_gmt":"2020-10-09T14:52:18","slug":"raquel-lyra-reafirma-em-entrevista-na-radio-liberdade-que-vai-transferir-feira-da-sulanca-de-graca","status":"publish","type":"post","link":"https:\/\/blogdoedvaldomagalhaes.com.br\/index.php\/2020\/10\/09\/raquel-lyra-reafirma-em-entrevista-na-radio-liberdade-que-vai-transferir-feira-da-sulanca-de-graca\/","title":{"rendered":"Raquel Lyra reafirma em entrevista na R\u00e1dio Liberdade que vai transferir Feira da Sulanca de gra\u00e7a"},"content":{"rendered":"<p style=\"text-align: justify;\">A prefeita Raquel Lyra (PSDB), candidata \u00e0 reelei\u00e7\u00e3o, participou nesta sexta-feira (09) da s\u00e9rie de entrevistas promovida pela R\u00e1dio Liberdade FM 94,7 com candidatos \u00e0 Prefeitura de Caruaru. Ela iniciou a entrevista destacando a\u00e7\u00f5es integradas de sua gest\u00e3o.<\/p>\n<p style=\"text-align: justify;\">Sobre a Feira da Sulanca, Raquel Lyra reafirmou que vai fazer a transfer\u00eancia de gra\u00e7a para os feirantes que n\u00e3o podem pagar. No entanto, disse que n\u00e3o ir\u00e1 discutir detalhes durante a campanha e que em 2021 ser\u00e1 iniciado um amplo debate com os sulanqueiros para transferir a feira.<\/p>\n<p>Por Helenivaldo Pereira.<\/p>\n","protected":false},"excerpt":{"rendered":"<p>A prefeita Raquel Lyra (PSDB), candidata \u00e0 reelei\u00e7\u00e3o, participou nesta sexta-feira (09) da s\u00e9rie de entrevistas promovida pela R\u00e1dio Liberdade&hellip;<\/p>\n","protected":false},"author":1,"featured_media":62378,"comment_status":"open","ping_status":"open","sticky":false,"template":"","format":"standard","meta":{"footnotes":""},"categories":[14122],"tags":[19792],"class_list":["post-62380","post","type-post","status-publish","format-standard","has-post-thumbnail","hentry","category-politica","tag-raquel-lyra-reafirma-em-entrevista-na-radio-liberdade-que-vai-transferir-feira-da-sulanca-de-graca"],"_links":{"self":[{"href":"https:\/\/blogdoedvaldomagalhaes.com.br\/index.php\/wp-json\/wp\/v2\/posts\/62380","targetHints":{"allow":["GET"]}}],"collection":[{"href":"https:\/\/blogdoedvaldomagalhaes.com.br\/index.php\/wp-json\/wp\/v2\/posts"}],"about":[{"href":"https:\/\/blogdoedvaldomagalhaes.com.br\/index.php\/wp-json\/wp\/v2\/types\/post"}],"author":[{"embeddable":true,"href":"https:\/\/blogdoedvaldomagalhaes.com.br\/index.php\/wp-json\/wp\/v2\/users\/1"}],"replies":[{"embeddable":true,"href":"https:\/\/blogdoedvaldomagalhaes.com.br\/index.php\/wp-json\/wp\/v2\/comments?post=62380"}],"version-history":[{"count":1,"href":"https:\/\/blogdoedvaldomagalhaes.com.br\/index.php\/wp-json\/wp\/v2\/posts\/62380\/revisions"}],"predecessor-version":[{"id":62381,"href":"https:\/\/blogdoedvaldomagalhaes.com.br\/index.php\/wp-json\/wp\/v2\/posts\/62380\/revisions\/62381"}],"wp:featuredmedia":[{"embeddable":true,"href":"https:\/\/blogdoedvaldomagalhaes.com.br\/index.php\/wp-json\/wp\/v2\/media\/62378"}],"wp:attachment":[{"href":"https:\/\/blogdoedvaldomagalhaes.com.br\/index.php\/wp-json\/wp\/v2\/media?parent=62380"}],"wp:term":[{"taxonomy":"category","embeddable":true,"href":"https:\/\/blogdoedvaldomagalhaes.com.br\/index.php\/wp-json\/wp\/v2\/categories?post=62380"},{"taxonomy":"post_tag","embeddable":true,"href":"https:\/\/blogdoedvaldomagalhaes.com.br\/index.php\/wp-json\/wp\/v2\/tags?post=62380"}],"curies":[{"name":"wp","href":"https:\/\/api.w.org\/{rel}","templated":true}]}}