{"id":62371,"date":"2020-10-09T09:00:34","date_gmt":"2020-10-09T12:00:34","guid":{"rendered":"https:\/\/blogdoedvaldomagalhaes.com.br\/?p=62371"},"modified":"2020-10-09T10:30:22","modified_gmt":"2020-10-09T13:30:22","slug":"homem-e-detido-apos-tentar-fugir-pela-br-232-com-carro-que-foi-roubado-em-recife","status":"publish","type":"post","link":"https:\/\/blogdoedvaldomagalhaes.com.br\/index.php\/2020\/10\/09\/homem-e-detido-apos-tentar-fugir-pela-br-232-com-carro-que-foi-roubado-em-recife\/","title":{"rendered":"Homem \u00e9 detido ap\u00f3s tentar fugir pela BR 232 com carro que foi roubado em Recife"},"content":{"rendered":"<p style=\"text-align: justify;\"><span style=\"font-size: inherit;\">Um homem de 35 anos que estava em um carro roubado foi detido na noite de quinta-feira (8), na BR 232, no Curado, na Zona Oeste do Recife. O suspeito tentou fugir da abordagem, mas foi alcan\u00e7ado pela Pol\u00edcia Rodovi\u00e1ria Federal (PRF), ap\u00f3s se esconder na vegeta\u00e7\u00e3o.<\/span><\/p>\n<p style=\"text-align: justify;\">Policiais realizavam uma fiscaliza\u00e7\u00e3o na rodovia, quando deram ordem de parada ao motorista de um ve\u00edculo utilit\u00e1rio, que desobedeceu e parou alguns quil\u00f4metros depois. Em seguida, dois homens desembarcaram e correram para uma \u00e1rea de mata, mas o motorista foi alcan\u00e7ado.<\/p>\n<p style=\"text-align: justify;\">Ap\u00f3s consulta, foi descoberto que o carro havia sido emplacado no m\u00eas passado e foi roubado na quarta-feira (7), no bairro de \u00c1gua Fria, na Zona Norte do Recife. O motorista informou que o passageiro estava armado e mantendo ele como ref\u00e9m, mas n\u00e3o explicou porque correu da abordagem.<\/p>\n<p style=\"text-align: justify;\">O homem foi encaminhado junto com o carro \u00e0 Central de Plant\u00f5es da Capital, em Campo Grande, para devolu\u00e7\u00e3o do ve\u00edculo \u00e0 propriet\u00e1ria, que compareceu ao local.<\/p>\n\n\n<figure class=\"wp-block-image size-large\"><img loading=\"lazy\" decoding=\"async\" width=\"1024\" height=\"768\" src=\"https:\/\/blogdoedvaldomagalhaes.com.br\/wp-content\/uploads\/2020\/10\/IMG-20201009-WA0028-1024x768.jpg\" alt=\"\" class=\"wp-image-62373\" srcset=\"https:\/\/blogdoedvaldomagalhaes.com.br\/wp-content\/uploads\/2020\/10\/IMG-20201009-WA0028-1024x768.jpg 1024w, https:\/\/blogdoedvaldomagalhaes.com.br\/wp-content\/uploads\/2020\/10\/IMG-20201009-WA0028-300x225.jpg 300w, https:\/\/blogdoedvaldomagalhaes.com.br\/wp-content\/uploads\/2020\/10\/IMG-20201009-WA0028-768x576.jpg 768w, https:\/\/blogdoedvaldomagalhaes.com.br\/wp-content\/uploads\/2020\/10\/IMG-20201009-WA0028-160x120.jpg 160w, https:\/\/blogdoedvaldomagalhaes.com.br\/wp-content\/uploads\/2020\/10\/IMG-20201009-WA0028.jpg 1152w\" sizes=\"auto, (max-width: 1024px) 100vw, 1024px\" \/><\/figure>\n\n\n","protected":false},"excerpt":{"rendered":"<p>Um homem de 35 anos que estava em um carro roubado foi detido na noite de quinta-feira (8), na BR&hellip;<\/p>\n","protected":false},"author":1,"featured_media":62372,"comment_status":"open","ping_status":"open","sticky":false,"template":"","format":"standard","meta":{"footnotes":""},"categories":[14121],"tags":[2,19532,19791],"class_list":["post-62371","post","type-post","status-publish","format-standard","has-post-thumbnail","hentry","category-policial","tag-blog-do-edvaldo-magalhaes","tag-blog-mais-acessado-e-visualizado-de-caruaru-e-regiao","tag-homem-e-detido-apos-tentar-fugir-pela-br-232-com-carro-que-foi-roubado-em-recife"],"_links":{"self":[{"href":"https:\/\/blogdoedvaldomagalhaes.com.br\/index.php\/wp-json\/wp\/v2\/posts\/62371","targetHints":{"allow":["GET"]}}],"collection":[{"href":"https:\/\/blogdoedvaldomagalhaes.com.br\/index.php\/wp-json\/wp\/v2\/posts"}],"about":[{"href":"https:\/\/blogdoedvaldomagalhaes.com.br\/index.php\/wp-json\/wp\/v2\/types\/post"}],"author":[{"embeddable":true,"href":"https:\/\/blogdoedvaldomagalhaes.com.br\/index.php\/wp-json\/wp\/v2\/users\/1"}],"replies":[{"embeddable":true,"href":"https:\/\/blogdoedvaldomagalhaes.com.br\/index.php\/wp-json\/wp\/v2\/comments?post=62371"}],"version-history":[{"count":2,"href":"https:\/\/blogdoedvaldomagalhaes.com.br\/index.php\/wp-json\/wp\/v2\/posts\/62371\/revisions"}],"predecessor-version":[{"id":62376,"href":"https:\/\/blogdoedvaldomagalhaes.com.br\/index.php\/wp-json\/wp\/v2\/posts\/62371\/revisions\/62376"}],"wp:featuredmedia":[{"embeddable":true,"href":"https:\/\/blogdoedvaldomagalhaes.com.br\/index.php\/wp-json\/wp\/v2\/media\/62372"}],"wp:attachment":[{"href":"https:\/\/blogdoedvaldomagalhaes.com.br\/index.php\/wp-json\/wp\/v2\/media?parent=62371"}],"wp:term":[{"taxonomy":"category","embeddable":true,"href":"https:\/\/blogdoedvaldomagalhaes.com.br\/index.php\/wp-json\/wp\/v2\/categories?post=62371"},{"taxonomy":"post_tag","embeddable":true,"href":"https:\/\/blogdoedvaldomagalhaes.com.br\/index.php\/wp-json\/wp\/v2\/tags?post=62371"}],"curies":[{"name":"wp","href":"https:\/\/api.w.org\/{rel}","templated":true}]}}