{"id":62362,"date":"2020-10-08T22:06:28","date_gmt":"2020-10-09T01:06:28","guid":{"rendered":"https:\/\/blogdoedvaldomagalhaes.com.br\/?p=62362"},"modified":"2020-10-08T23:48:27","modified_gmt":"2020-10-09T02:48:27","slug":"homicidio-e-tentativa-de-homicidio-registrados-em-caruaru-nesta-quinta-feira-8","status":"publish","type":"post","link":"https:\/\/blogdoedvaldomagalhaes.com.br\/index.php\/2020\/10\/08\/homicidio-e-tentativa-de-homicidio-registrados-em-caruaru-nesta-quinta-feira-8\/","title":{"rendered":"Homic\u00eddio e tentativa de homic\u00eddio registrados em Caruaru nesta quinta-feira (8)"},"content":{"rendered":"<p style=\"text-align: justify;\">O homicidio foi registrado nas proximidades da Associa\u00e7\u00e3o dos Marceneiros, entre o bairro Jos\u00e9 Carlos de Oliveira e a Vila Padre In\u00e1cio, tendo como v\u00edtima Matheus Luiz dos Santos Silva, 25 anos, que residia no bairro Caiuc\u00e1. Ele chegou a ser socorrido pelo Samu, sendo levado para o Hospital Regional do Agreste (HRA), n\u00e3o resistindo aos ferimentos e falecendo.<\/p>\n<p style=\"text-align: justify;\">Este foi o segundo homic\u00eddio do m\u00eas de outubro em Caruaru. De janeiro at\u00e9 agora s\u00e3o 104 assassinatos no munic\u00edpio.<\/p>\n<p style=\"text-align: justify;\">A tentativa de homicidio foi registrada no bairro Centen\u00e1rio. A v\u00edtima chegou consciente. O jovem ainda n\u00e3o foi identificado.<\/p>\n\n\n<figure class=\"wp-block-image size-large\"><img loading=\"lazy\" decoding=\"async\" width=\"742\" height=\"1024\" src=\"https:\/\/blogdoedvaldomagalhaes.com.br\/wp-content\/uploads\/2020\/10\/IMG-20201008-WA02472-742x1024.jpg\" alt=\"\" class=\"wp-image-62366\" srcset=\"https:\/\/blogdoedvaldomagalhaes.com.br\/wp-content\/uploads\/2020\/10\/IMG-20201008-WA02472-742x1024.jpg 742w, https:\/\/blogdoedvaldomagalhaes.com.br\/wp-content\/uploads\/2020\/10\/IMG-20201008-WA02472-217x300.jpg 217w, https:\/\/blogdoedvaldomagalhaes.com.br\/wp-content\/uploads\/2020\/10\/IMG-20201008-WA02472-768x1059.jpg 768w, https:\/\/blogdoedvaldomagalhaes.com.br\/wp-content\/uploads\/2020\/10\/IMG-20201008-WA02472.jpg 804w\" sizes=\"auto, (max-width: 742px) 100vw, 742px\" \/><figcaption>Matheus Luiz<\/figcaption><\/figure>\n","protected":false},"excerpt":{"rendered":"<p>O homicidio foi registrado nas proximidades da Associa\u00e7\u00e3o dos Marceneiros, entre o bairro Jos\u00e9 Carlos de Oliveira e a Vila&hellip;<\/p>\n","protected":false},"author":1,"featured_media":62363,"comment_status":"open","ping_status":"open","sticky":false,"template":"","format":"standard","meta":{"footnotes":""},"categories":[14121],"tags":[2,19532,19790,1950],"class_list":["post-62362","post","type-post","status-publish","format-standard","has-post-thumbnail","hentry","category-policial","tag-blog-do-edvaldo-magalhaes","tag-blog-mais-acessado-e-visualizado-de-caruaru-e-regiao","tag-homicidio-e-tentativa-de-homicidio-registrados-em-caruaru-nesta-quinta-feira-8","tag-noticias-de-caruaru"],"_links":{"self":[{"href":"https:\/\/blogdoedvaldomagalhaes.com.br\/index.php\/wp-json\/wp\/v2\/posts\/62362","targetHints":{"allow":["GET"]}}],"collection":[{"href":"https:\/\/blogdoedvaldomagalhaes.com.br\/index.php\/wp-json\/wp\/v2\/posts"}],"about":[{"href":"https:\/\/blogdoedvaldomagalhaes.com.br\/index.php\/wp-json\/wp\/v2\/types\/post"}],"author":[{"embeddable":true,"href":"https:\/\/blogdoedvaldomagalhaes.com.br\/index.php\/wp-json\/wp\/v2\/users\/1"}],"replies":[{"embeddable":true,"href":"https:\/\/blogdoedvaldomagalhaes.com.br\/index.php\/wp-json\/wp\/v2\/comments?post=62362"}],"version-history":[{"count":4,"href":"https:\/\/blogdoedvaldomagalhaes.com.br\/index.php\/wp-json\/wp\/v2\/posts\/62362\/revisions"}],"predecessor-version":[{"id":62370,"href":"https:\/\/blogdoedvaldomagalhaes.com.br\/index.php\/wp-json\/wp\/v2\/posts\/62362\/revisions\/62370"}],"wp:featuredmedia":[{"embeddable":true,"href":"https:\/\/blogdoedvaldomagalhaes.com.br\/index.php\/wp-json\/wp\/v2\/media\/62363"}],"wp:attachment":[{"href":"https:\/\/blogdoedvaldomagalhaes.com.br\/index.php\/wp-json\/wp\/v2\/media?parent=62362"}],"wp:term":[{"taxonomy":"category","embeddable":true,"href":"https:\/\/blogdoedvaldomagalhaes.com.br\/index.php\/wp-json\/wp\/v2\/categories?post=62362"},{"taxonomy":"post_tag","embeddable":true,"href":"https:\/\/blogdoedvaldomagalhaes.com.br\/index.php\/wp-json\/wp\/v2\/tags?post=62362"}],"curies":[{"name":"wp","href":"https:\/\/api.w.org\/{rel}","templated":true}]}}