{"id":62358,"date":"2020-10-08T19:20:19","date_gmt":"2020-10-08T22:20:19","guid":{"rendered":"https:\/\/blogdoedvaldomagalhaes.com.br\/?p=62358"},"modified":"2020-10-08T19:20:20","modified_gmt":"2020-10-08T22:20:20","slug":"caruaru-registra-47-novos-casos-de-covid-19-e-nenhuma-morte-nas-ultimas-24-horas","status":"publish","type":"post","link":"https:\/\/blogdoedvaldomagalhaes.com.br\/index.php\/2020\/10\/08\/caruaru-registra-47-novos-casos-de-covid-19-e-nenhuma-morte-nas-ultimas-24-horas\/","title":{"rendered":"Caruaru registra 47 novos casos de covid-19 e nenhuma morte nas \u00faltimas 24 horas"},"content":{"rendered":"<p style=\"text-align: justify;\">A Secretaria de Sa\u00fade de Caruaru confirmou 47 novos casos de covid-19 no munic\u00edpio, e nenhuma morte. O boletim com informa\u00e7\u00f5es 24 horas foi divulgado na noite desta quinta-feira (08).<\/p>\n<p style=\"text-align: justify;\">Do in\u00edcio da pandemia do novo coronav\u00edrus at\u00e9 agora Caruaru soma 8.935 casos confirmados e 345 mortes. Est\u00e3o em investiga\u00e7\u00e3o 613 casos e 3 \u00f3bitos.<\/p>\n<p style=\"text-align: justify;\">Ainda de acordo com a Secretaria de Sa\u00fade, 8.444 pacientes foram recuperados da doen\u00e7a (94,50%). O n\u00famero de casos descartados subiu para 16.263.<\/p>\n\n\n<figure class=\"wp-block-image size-large\"><img loading=\"lazy\" decoding=\"async\" width=\"1024\" height=\"1024\" src=\"https:\/\/blogdoedvaldomagalhaes.com.br\/wp-content\/uploads\/2020\/10\/IMG-20201008-WA0179-1024x1024.jpg\" alt=\"\" class=\"wp-image-62360\" srcset=\"https:\/\/blogdoedvaldomagalhaes.com.br\/wp-content\/uploads\/2020\/10\/IMG-20201008-WA0179-1024x1024.jpg 1024w, https:\/\/blogdoedvaldomagalhaes.com.br\/wp-content\/uploads\/2020\/10\/IMG-20201008-WA0179-300x300.jpg 300w, https:\/\/blogdoedvaldomagalhaes.com.br\/wp-content\/uploads\/2020\/10\/IMG-20201008-WA0179-150x150.jpg 150w, https:\/\/blogdoedvaldomagalhaes.com.br\/wp-content\/uploads\/2020\/10\/IMG-20201008-WA0179-768x768.jpg 768w, https:\/\/blogdoedvaldomagalhaes.com.br\/wp-content\/uploads\/2020\/10\/IMG-20201008-WA0179.jpg 1280w\" sizes=\"auto, (max-width: 1024px) 100vw, 1024px\" \/><\/figure>\n","protected":false},"excerpt":{"rendered":"<p>A Secretaria de Sa\u00fade de Caruaru confirmou 47 novos casos de covid-19 no munic\u00edpio, e nenhuma morte. O boletim com&hellip;<\/p>\n","protected":false},"author":1,"featured_media":62359,"comment_status":"open","ping_status":"open","sticky":false,"template":"","format":"standard","meta":{"footnotes":""},"categories":[14120],"tags":[2,19532,19788,1950,19670],"class_list":["post-62358","post","type-post","status-publish","format-standard","has-post-thumbnail","hentry","category-noticias","tag-blog-do-edvaldo-magalhaes","tag-blog-mais-acessado-e-visualizado-de-caruaru-e-regiao","tag-caruaru-registra-47-novos-casos-de-covid-19-e-nenhuma-morte-nas-ultimas-24-horas","tag-noticias-de-caruaru","tag-novo-coronavirus"],"_links":{"self":[{"href":"https:\/\/blogdoedvaldomagalhaes.com.br\/index.php\/wp-json\/wp\/v2\/posts\/62358","targetHints":{"allow":["GET"]}}],"collection":[{"href":"https:\/\/blogdoedvaldomagalhaes.com.br\/index.php\/wp-json\/wp\/v2\/posts"}],"about":[{"href":"https:\/\/blogdoedvaldomagalhaes.com.br\/index.php\/wp-json\/wp\/v2\/types\/post"}],"author":[{"embeddable":true,"href":"https:\/\/blogdoedvaldomagalhaes.com.br\/index.php\/wp-json\/wp\/v2\/users\/1"}],"replies":[{"embeddable":true,"href":"https:\/\/blogdoedvaldomagalhaes.com.br\/index.php\/wp-json\/wp\/v2\/comments?post=62358"}],"version-history":[{"count":1,"href":"https:\/\/blogdoedvaldomagalhaes.com.br\/index.php\/wp-json\/wp\/v2\/posts\/62358\/revisions"}],"predecessor-version":[{"id":62361,"href":"https:\/\/blogdoedvaldomagalhaes.com.br\/index.php\/wp-json\/wp\/v2\/posts\/62358\/revisions\/62361"}],"wp:featuredmedia":[{"embeddable":true,"href":"https:\/\/blogdoedvaldomagalhaes.com.br\/index.php\/wp-json\/wp\/v2\/media\/62359"}],"wp:attachment":[{"href":"https:\/\/blogdoedvaldomagalhaes.com.br\/index.php\/wp-json\/wp\/v2\/media?parent=62358"}],"wp:term":[{"taxonomy":"category","embeddable":true,"href":"https:\/\/blogdoedvaldomagalhaes.com.br\/index.php\/wp-json\/wp\/v2\/categories?post=62358"},{"taxonomy":"post_tag","embeddable":true,"href":"https:\/\/blogdoedvaldomagalhaes.com.br\/index.php\/wp-json\/wp\/v2\/tags?post=62358"}],"curies":[{"name":"wp","href":"https:\/\/api.w.org\/{rel}","templated":true}]}}