{"id":62354,"date":"2020-10-08T18:37:20","date_gmt":"2020-10-08T21:37:20","guid":{"rendered":"https:\/\/blogdoedvaldomagalhaes.com.br\/?p=62354"},"modified":"2020-10-08T22:54:31","modified_gmt":"2020-10-09T01:54:31","slug":"caruaru-e-serra-talhada-ganham-voos-diretos-para-o-recife-confira-valores","status":"publish","type":"post","link":"https:\/\/blogdoedvaldomagalhaes.com.br\/index.php\/2020\/10\/08\/caruaru-e-serra-talhada-ganham-voos-diretos-para-o-recife-confira-valores\/","title":{"rendered":"Caruaru e Serra Talhada ganham voos diretos para o Recife; Confira valores"},"content":{"rendered":"<p style=\"text-align: justify;\"><span style=\"font-size: inherit;\">O governador Paulo C\u00e2mara anunciou, nesta quinta-feira (08.10), que o Sert\u00e3o e o Agreste passar\u00e3o a ser conectados pelo servi\u00e7o de transporte a\u00e9reo. A Azul Linhas A\u00e9reas vai ofertar voos diretos e regulares para o Recife, duas vezes por dia, dos aeroportos Santa Magalh\u00e3es, em Serra Talhada, e Oscar Laranjeiras, em Caruaru. O in\u00edcio das opera\u00e7\u00f5es acontece a partir de 11 de novembro e se soma a outras a\u00e7\u00f5es do Estado para fomentar o desenvolvimento econ\u00f4mico, social e tur\u00edstico desses munic\u00edpios, consolidados como cidades polos. O an\u00fancio aconteceu durante encontro, no in\u00edcio da tarde, no Pal\u00e1cio do Campo das Princesas, com as presen\u00e7as da secret\u00e1ria de Infraestrutura e Recursos H\u00eddricos, Fernandha Batista, e de diretores da Azul.<\/span><\/p>\n<div id=\"ad-middle\" class=\" adRef\" data-google-query-id=\"COXc3JvxpewCFXIyuQYd2-oKzg\">\n<p style=\"text-align: justify;\">\u201cA Azul j\u00e1 \u00e9 uma grande parceira de Pernambuco com a conectividade implantada no hub do Recife. Hoje, avan\u00e7amos para interiorizar esse processo em Caruaru e em Serra Talhada. Ser\u00e3o dois voos di\u00e1rios a partir de 11 de novembro. Isso vai ajudar a desenvolver mais ainda o interior do Estado. \u00c9 uma parceria que visa o futuro, a qualidade de vida e o desenvolvimento das regi\u00f5es\u201d, detalhou o gestor estadual.<\/p>\n<p style=\"text-align: justify;\">As vendas de passagens para as novas bases de opera\u00e7\u00f5es da companhia j\u00e1 est\u00e3o abertas em todos os canais oficiais da empresa. A Azul Conecta, sub-regional da companhia a\u00e9rea, ser\u00e1 a respons\u00e1vel por cumprir as liga\u00e7\u00f5es entre as cidades do Sert\u00e3o e Agreste com a capital pernambucana. As opera\u00e7\u00f5es ser\u00e3o realizadas com os avi\u00f5es Cessna Gran Caravan.<\/p>\n<p style=\"text-align: justify;\">Para a secret\u00e1ria Fernandha Batista, a iniciativa est\u00e1 alinhada com o foco de fortalecer o desenvolvimento regional, que \u00e9 uma das metas estabelecidas pelo governador Paulo C\u00e2mara. \u201cO in\u00edcio da opera\u00e7\u00e3o comercial da Azul em Serra Talhada e Caruaru \u00e9 um passo muito importante para a retomada do crescimento econ\u00f4mico do Estado, proporcionando, entre outras coisas, a melhoria da mobilidade, o fortalecimento do turismo e a garantia de uma acessibilidade multimodal. \u00c9 mais um passo estrat\u00e9gico para a atra\u00e7\u00e3o de novos investimentos por se tratar de um equipamento que vai permitir a conex\u00e3o dessas duas cidades com o resto do pa\u00eds, o que impulsiona a gera\u00e7\u00e3o de emprego e renda, sobretudo, nesse contexto imposto pela pandemia.\u201d<\/p>\n<p style=\"text-align: justify;\">O presidente da Azul, John Rodgerson, disse que Pernambuco teve a retomada de voos mais r\u00e1pida do Brasil. \u201cEstamos super animados. Atrav\u00e9s dessas duas cidades, as pessoas poder\u00e3o ir para qualquer lugar do Brasil por causa do nosso grande hub aqui na regi\u00e3o. \u00c9 o maior hub do Nordeste, que est\u00e1 conectado com todas as capitais. \u00c9 tempo para voar, tempo para trabalhar e com isso vamos resgatar nossa ind\u00fastria.\u201d<\/p>\n<p style=\"text-align: justify;\">A retomada das opera\u00e7\u00f5es regulares vem coroar uma s\u00e9rie de interven\u00e7\u00f5es que o Governo do Estado vem fazendo da \u00e1rea de alcance das duas cidades. Em Caruaru, por exemplo, h\u00e1 a implanta\u00e7\u00e3o da Adutora do Agreste, a duplica\u00e7\u00e3o da BR-104 e a expans\u00e3o do esgotamento sanit\u00e1rio em diversos munic\u00edpios da bacia do Ipojuca. J\u00e1 em Serra Talhada, pode-se destacar o Hospital Geral do Sert\u00e3o \u2013 Eduardo Campos e a recente inaugura\u00e7\u00e3o do campus definitivo da UPE no munic\u00edpio.<\/p>\n<p style=\"text-align: justify;\"><strong>Foto: Ashlley Melo\/SEI.<\/strong><\/p>\n<\/div>\n","protected":false},"excerpt":{"rendered":"<p>O governador Paulo C\u00e2mara anunciou, nesta quinta-feira (08.10), que o Sert\u00e3o e o Agreste passar\u00e3o a ser conectados pelo servi\u00e7o&hellip;<\/p>\n","protected":false},"author":1,"featured_media":62355,"comment_status":"open","ping_status":"open","sticky":false,"template":"","format":"standard","meta":{"footnotes":""},"categories":[14120],"tags":[2,19532,19787,1950],"class_list":["post-62354","post","type-post","status-publish","format-standard","has-post-thumbnail","hentry","category-noticias","tag-blog-do-edvaldo-magalhaes","tag-blog-mais-acessado-e-visualizado-de-caruaru-e-regiao","tag-caruaru-e-serra-talhada-ganham-voos-diretos-para-o-recife-confira-valores","tag-noticias-de-caruaru"],"_links":{"self":[{"href":"https:\/\/blogdoedvaldomagalhaes.com.br\/index.php\/wp-json\/wp\/v2\/posts\/62354","targetHints":{"allow":["GET"]}}],"collection":[{"href":"https:\/\/blogdoedvaldomagalhaes.com.br\/index.php\/wp-json\/wp\/v2\/posts"}],"about":[{"href":"https:\/\/blogdoedvaldomagalhaes.com.br\/index.php\/wp-json\/wp\/v2\/types\/post"}],"author":[{"embeddable":true,"href":"https:\/\/blogdoedvaldomagalhaes.com.br\/index.php\/wp-json\/wp\/v2\/users\/1"}],"replies":[{"embeddable":true,"href":"https:\/\/blogdoedvaldomagalhaes.com.br\/index.php\/wp-json\/wp\/v2\/comments?post=62354"}],"version-history":[{"count":2,"href":"https:\/\/blogdoedvaldomagalhaes.com.br\/index.php\/wp-json\/wp\/v2\/posts\/62354\/revisions"}],"predecessor-version":[{"id":62369,"href":"https:\/\/blogdoedvaldomagalhaes.com.br\/index.php\/wp-json\/wp\/v2\/posts\/62354\/revisions\/62369"}],"wp:featuredmedia":[{"embeddable":true,"href":"https:\/\/blogdoedvaldomagalhaes.com.br\/index.php\/wp-json\/wp\/v2\/media\/62355"}],"wp:attachment":[{"href":"https:\/\/blogdoedvaldomagalhaes.com.br\/index.php\/wp-json\/wp\/v2\/media?parent=62354"}],"wp:term":[{"taxonomy":"category","embeddable":true,"href":"https:\/\/blogdoedvaldomagalhaes.com.br\/index.php\/wp-json\/wp\/v2\/categories?post=62354"},{"taxonomy":"post_tag","embeddable":true,"href":"https:\/\/blogdoedvaldomagalhaes.com.br\/index.php\/wp-json\/wp\/v2\/tags?post=62354"}],"curies":[{"name":"wp","href":"https:\/\/api.w.org\/{rel}","templated":true}]}}