{"id":62350,"date":"2020-10-08T17:38:23","date_gmt":"2020-10-08T20:38:23","guid":{"rendered":"https:\/\/blogdoedvaldomagalhaes.com.br\/?p=62350"},"modified":"2020-10-08T17:38:24","modified_gmt":"2020-10-08T20:38:24","slug":"prf-reforca-fiscalizacao-nas-rodovias-federais-de-pernambuco-no-feriadao","status":"publish","type":"post","link":"https:\/\/blogdoedvaldomagalhaes.com.br\/index.php\/2020\/10\/08\/prf-reforca-fiscalizacao-nas-rodovias-federais-de-pernambuco-no-feriadao\/","title":{"rendered":"PRF refor\u00e7a fiscaliza\u00e7\u00e3o nas rodovias federais de Pernambuco no feriad\u00e3o"},"content":{"rendered":"<p style=\"text-align: justify;\"><span style=\"font-size: inherit;\">A Pol\u00edcia Rodovi\u00e1ria Federal (PRF) inicia na sexta-feira (9) a Opera\u00e7\u00e3o Nossa Senhora Aparecida 2020, que busca promover a seguran\u00e7a vi\u00e1ria e a fluidez nas rodovias federais de Pernambuco. O refor\u00e7o na fiscaliza\u00e7\u00e3o e nas a\u00e7\u00f5es de policiamento segue at\u00e9 a meia-noite de segunda-feira (12), com o intuito de reduzir a viol\u00eancia no tr\u00e2nsito durante o feriado.<\/span><\/p>\n<p style=\"text-align: justify;\">Com a reabertura das praias e a retomada do com\u00e9rcio no litoral, a expectativa \u00e9 de que haja um aumento na movimenta\u00e7\u00e3o na BR 101 Norte, que leva a Itamarac\u00e1, Pontas de Pedra e Catuama, al\u00e9m da BR 101 Sul, que d\u00e1 acesso a Porto de Galinhas, Muro Alto e Tamandar\u00e9. As BRs 232 e 104, que levam ao Agreste, e as rodovias 428 e 407, que cortam o Sert\u00e3o, tamb\u00e9m devem ter um acr\u00e9scimo no tr\u00e1fego de ve\u00edculos.<\/p>\n<p style=\"text-align: justify;\">No ano passado, o feriado foi no s\u00e1bado, mas a estimativa da Concession\u00e1ria Rota do Atl\u00e2ntico para este ano \u00e9 de que cerca de 70 mil ve\u00edculos circulem entre sexta e segunda-feira, em dire\u00e7\u00e3o ao Litoral Sul.<\/p>\n<p style=\"text-align: justify;\">O foco da fiscaliza\u00e7\u00e3o estar\u00e1 em infra\u00e7\u00f5es graves, como as ultrapassagens em local proibido, que podem ocasionar colis\u00f5es frontais, embriaguez ao volante e a falta de dispositivos de seguran\u00e7a, como capacete, cinto de seguran\u00e7a e cadeirinha. Cabe ressaltar que o equipamento de reten\u00e7\u00e3o para crian\u00e7as deve respeitar a idade e o peso contido no manual do fabricante.<\/p>\n<p style=\"text-align: justify;\">At\u00e9 um ano de idade, deve-se utilizar o beb\u00ea-conforto, de costas para o motorista; de um a quatro anos, a cadeirinha, e de quatro a sete anos e meio, o assento de eleva\u00e7\u00e3o. Crian\u00e7as de at\u00e9 dez anos devem ser transportadas no banco de tr\u00e1s do ve\u00edculo, com o cinto de seguran\u00e7a.<\/p>\n<p style=\"text-align: justify;\">As a\u00e7\u00f5es de combate ao crime ir\u00e3o contar com o apoio do Setor de Opera\u00e7\u00f5es Especializadas, al\u00e9m dos Grupos de Patrulhamento T\u00e1tico e de Motociclistas da PRF. O policiamento ostensivo visa evitar assaltos, recepta\u00e7\u00e3o de ve\u00edculos roubados, porte ilegal de arma, tr\u00e1fico de drogas e contrabando de mercadorias.<\/p>\n<p style=\"text-align: justify;\">Dicas de seguran\u00e7a<\/p>\n<p style=\"text-align: justify;\">Calibre e avalie o estado de conserva\u00e7\u00e3o dos pneus, verifique o sistema de freios e de ilumina\u00e7\u00e3o, o combust\u00edvel e o \u00f3leo do motor;<\/p>\n<p style=\"text-align: justify;\">Descanse antes de pegar a estrada, entregue o celular ao passageiro e verifique a documenta\u00e7\u00e3o pessoal e do ve\u00edculo;<\/p>\n<p style=\"text-align: justify;\">Redobre a aten\u00e7\u00e3o, respeite as normas de circula\u00e7\u00e3o e mantenha uma dist\u00e2ncia segura dos outros ve\u00edculos;<\/p>\n<p style=\"text-align: justify;\">Em caso de emerg\u00eancia, entre em contato com a PRF atrav\u00e9s do telefone 191.<\/p>\n\n\n<figure class=\"wp-block-image size-large\"><img loading=\"lazy\" decoding=\"async\" width=\"1024\" height=\"678\" src=\"https:\/\/blogdoedvaldomagalhaes.com.br\/wp-content\/uploads\/2020\/10\/IMG-20201008-WA0156-1024x678.jpg\" alt=\"\" class=\"wp-image-62352\" srcset=\"https:\/\/blogdoedvaldomagalhaes.com.br\/wp-content\/uploads\/2020\/10\/IMG-20201008-WA0156-1024x678.jpg 1024w, https:\/\/blogdoedvaldomagalhaes.com.br\/wp-content\/uploads\/2020\/10\/IMG-20201008-WA0156-300x199.jpg 300w, https:\/\/blogdoedvaldomagalhaes.com.br\/wp-content\/uploads\/2020\/10\/IMG-20201008-WA0156-768x509.jpg 768w, https:\/\/blogdoedvaldomagalhaes.com.br\/wp-content\/uploads\/2020\/10\/IMG-20201008-WA0156.jpg 1232w\" sizes=\"auto, (max-width: 1024px) 100vw, 1024px\" \/><figcaption>Foto: PRF\/Divulga\u00e7\u00e3o<\/figcaption><\/figure>\n","protected":false},"excerpt":{"rendered":"<p>A Pol\u00edcia Rodovi\u00e1ria Federal (PRF) inicia na sexta-feira (9) a Opera\u00e7\u00e3o Nossa Senhora Aparecida 2020, que busca promover a seguran\u00e7a&hellip;<\/p>\n","protected":false},"author":1,"featured_media":62351,"comment_status":"open","ping_status":"open","sticky":false,"template":"","format":"standard","meta":{"footnotes":""},"categories":[14120],"tags":[2,19532,19786],"class_list":["post-62350","post","type-post","status-publish","format-standard","has-post-thumbnail","hentry","category-noticias","tag-blog-do-edvaldo-magalhaes","tag-blog-mais-acessado-e-visualizado-de-caruaru-e-regiao","tag-prf-reforca-fiscalizacao-nas-rodovias-federais-de-pernambuco-no-feriadao"],"_links":{"self":[{"href":"https:\/\/blogdoedvaldomagalhaes.com.br\/index.php\/wp-json\/wp\/v2\/posts\/62350","targetHints":{"allow":["GET"]}}],"collection":[{"href":"https:\/\/blogdoedvaldomagalhaes.com.br\/index.php\/wp-json\/wp\/v2\/posts"}],"about":[{"href":"https:\/\/blogdoedvaldomagalhaes.com.br\/index.php\/wp-json\/wp\/v2\/types\/post"}],"author":[{"embeddable":true,"href":"https:\/\/blogdoedvaldomagalhaes.com.br\/index.php\/wp-json\/wp\/v2\/users\/1"}],"replies":[{"embeddable":true,"href":"https:\/\/blogdoedvaldomagalhaes.com.br\/index.php\/wp-json\/wp\/v2\/comments?post=62350"}],"version-history":[{"count":1,"href":"https:\/\/blogdoedvaldomagalhaes.com.br\/index.php\/wp-json\/wp\/v2\/posts\/62350\/revisions"}],"predecessor-version":[{"id":62353,"href":"https:\/\/blogdoedvaldomagalhaes.com.br\/index.php\/wp-json\/wp\/v2\/posts\/62350\/revisions\/62353"}],"wp:featuredmedia":[{"embeddable":true,"href":"https:\/\/blogdoedvaldomagalhaes.com.br\/index.php\/wp-json\/wp\/v2\/media\/62351"}],"wp:attachment":[{"href":"https:\/\/blogdoedvaldomagalhaes.com.br\/index.php\/wp-json\/wp\/v2\/media?parent=62350"}],"wp:term":[{"taxonomy":"category","embeddable":true,"href":"https:\/\/blogdoedvaldomagalhaes.com.br\/index.php\/wp-json\/wp\/v2\/categories?post=62350"},{"taxonomy":"post_tag","embeddable":true,"href":"https:\/\/blogdoedvaldomagalhaes.com.br\/index.php\/wp-json\/wp\/v2\/tags?post=62350"}],"curies":[{"name":"wp","href":"https:\/\/api.w.org\/{rel}","templated":true}]}}