{"id":62347,"date":"2020-10-08T14:22:02","date_gmt":"2020-10-08T17:22:02","guid":{"rendered":"https:\/\/blogdoedvaldomagalhaes.com.br\/?p=62347"},"modified":"2020-10-08T14:22:03","modified_gmt":"2020-10-08T17:22:03","slug":"veja-o-que-abre-e-fecha-em-caruaru-no-feriado-de-segunda-feira-12","status":"publish","type":"post","link":"https:\/\/blogdoedvaldomagalhaes.com.br\/index.php\/2020\/10\/08\/veja-o-que-abre-e-fecha-em-caruaru-no-feriado-de-segunda-feira-12\/","title":{"rendered":"Veja o que abre e fecha em Caruaru no feriado de segunda-feira (12)"},"content":{"rendered":"<p style=\"text-align: justify;\"><span style=\"font-size: inherit;\">Em decorr\u00eancia do feriado nacional de Nossa Senhora Aparecida, padroeira do Brasil, comemorado nesta segunda-feira (12), diversos servi\u00e7os p\u00fablicos e privados n\u00e3o estar\u00e3o em funcionamento em Caruaru.<\/span><\/p>\n<p style=\"text-align: justify;\">A Prefeitura de Caruaru informa que n\u00e3o haver\u00e1 expediente interno.<\/p>\n<p style=\"text-align: justify;\">Sa\u00fade: UPAS ficam abertas 24h, normalmente, assim como os hospitais e o SAMU.<\/p>\n<p style=\"text-align: justify;\">Secretaria de Desenvolvimento Social e Direitos Humanos: Servi\u00e7os de urg\u00eancia (como aux\u00edlio-funer\u00e1rio) funcionar\u00e3o normalmente.<\/p>\n<p style=\"text-align: justify;\">Cultura: Os museus da cidade estar\u00e3o fechados.<\/p>\n<p style=\"text-align: justify;\">CEACA: Vai funcionar normalmente das 0h as 12h.<\/p>\n<p style=\"text-align: justify;\">Servi\u00e7os P\u00fablicos: A coleta domiciliar ser\u00e1 normal na cidade. A feira do parque 18 de Maio acontecer\u00e1 normalmente. Os mercados p\u00fablicos e o mercado da carne funcionar\u00e3o normalmente.<\/p>\n<p style=\"text-align: justify;\">Os bancos, casas lot\u00e9ricas, INSS, Ag\u00eancia do Trabalho, Expresso Empreendedor, estar\u00e3o fechados.<\/p>\n<p style=\"text-align: justify;\">As lojas e centros de compras que pedirem autoriza\u00e7\u00e3o com anteced\u00eancia, poder\u00e3o abrir.<\/p>\n<p style=\"text-align: justify;\">A Feira da Sulanca ser\u00e1 realizada normalmente.<\/p>\n","protected":false},"excerpt":{"rendered":"<p>Em decorr\u00eancia do feriado nacional de Nossa Senhora Aparecida, padroeira do Brasil, comemorado nesta segunda-feira (12), diversos servi\u00e7os p\u00fablicos e&hellip;<\/p>\n","protected":false},"author":1,"featured_media":62348,"comment_status":"open","ping_status":"open","sticky":false,"template":"","format":"standard","meta":{"footnotes":""},"categories":[14120],"tags":[2,19532,1950,19785],"class_list":["post-62347","post","type-post","status-publish","format-standard","has-post-thumbnail","hentry","category-noticias","tag-blog-do-edvaldo-magalhaes","tag-blog-mais-acessado-e-visualizado-de-caruaru-e-regiao","tag-noticias-de-caruaru","tag-veja-o-que-abre-e-fecha-em-caruaru-no-feriado-de-segunda-feira-12"],"_links":{"self":[{"href":"https:\/\/blogdoedvaldomagalhaes.com.br\/index.php\/wp-json\/wp\/v2\/posts\/62347","targetHints":{"allow":["GET"]}}],"collection":[{"href":"https:\/\/blogdoedvaldomagalhaes.com.br\/index.php\/wp-json\/wp\/v2\/posts"}],"about":[{"href":"https:\/\/blogdoedvaldomagalhaes.com.br\/index.php\/wp-json\/wp\/v2\/types\/post"}],"author":[{"embeddable":true,"href":"https:\/\/blogdoedvaldomagalhaes.com.br\/index.php\/wp-json\/wp\/v2\/users\/1"}],"replies":[{"embeddable":true,"href":"https:\/\/blogdoedvaldomagalhaes.com.br\/index.php\/wp-json\/wp\/v2\/comments?post=62347"}],"version-history":[{"count":1,"href":"https:\/\/blogdoedvaldomagalhaes.com.br\/index.php\/wp-json\/wp\/v2\/posts\/62347\/revisions"}],"predecessor-version":[{"id":62349,"href":"https:\/\/blogdoedvaldomagalhaes.com.br\/index.php\/wp-json\/wp\/v2\/posts\/62347\/revisions\/62349"}],"wp:featuredmedia":[{"embeddable":true,"href":"https:\/\/blogdoedvaldomagalhaes.com.br\/index.php\/wp-json\/wp\/v2\/media\/62348"}],"wp:attachment":[{"href":"https:\/\/blogdoedvaldomagalhaes.com.br\/index.php\/wp-json\/wp\/v2\/media?parent=62347"}],"wp:term":[{"taxonomy":"category","embeddable":true,"href":"https:\/\/blogdoedvaldomagalhaes.com.br\/index.php\/wp-json\/wp\/v2\/categories?post=62347"},{"taxonomy":"post_tag","embeddable":true,"href":"https:\/\/blogdoedvaldomagalhaes.com.br\/index.php\/wp-json\/wp\/v2\/tags?post=62347"}],"curies":[{"name":"wp","href":"https:\/\/api.w.org\/{rel}","templated":true}]}}