{"id":62344,"date":"2020-10-08T13:18:14","date_gmt":"2020-10-08T16:18:14","guid":{"rendered":"https:\/\/blogdoedvaldomagalhaes.com.br\/?p=62344"},"modified":"2020-10-08T13:18:15","modified_gmt":"2020-10-08T16:18:15","slug":"caruaru-perde-empregos-para-outras-cidades-por-falta-de-incentivo-afirma-raffie","status":"publish","type":"post","link":"https:\/\/blogdoedvaldomagalhaes.com.br\/index.php\/2020\/10\/08\/caruaru-perde-empregos-para-outras-cidades-por-falta-de-incentivo-afirma-raffie\/","title":{"rendered":"\u201cCaruaru perde empregos para outras cidades por falta de incentivo\u201d, afirma Raffi\u00ea"},"content":{"rendered":"<p style=\"text-align: justify;\">Dando sequ\u00eancia \u00e0 s\u00e9rie de entrevistas com os candidatos \u00e0 Prefeitura de Caruaru, promovida pela R\u00e1dio Liberdade FM 94,7, nesta quinta-feira (08) o programa Show da Cidade recebeu Faffi\u00ea Dellon, do PSD. Afirmando que sua campanha nasceu nas ruas, ele detalhou o seu plano de governo e fez cr\u00edticas \u00e0 gest\u00e3o municipal em v\u00e1rias \u00e1reas, como tr\u00e2nsito, mobilidade e educa\u00e7\u00e3o.<\/p>\n<p style=\"text-align: justify;\">Sobre gera\u00e7\u00e3o de empregos, Raffi\u00ea afirmou que postos de trabalho est\u00e3o deixando de ser criados em Caruaru por falta de incentivo. Lembrou que empresas est\u00e3o sendo instaladas em outras cidades, como Bezerros, Bonito e Agrestina.<\/p>\n","protected":false},"excerpt":{"rendered":"<p>Dando sequ\u00eancia \u00e0 s\u00e9rie de entrevistas com os candidatos \u00e0 Prefeitura de Caruaru, promovida pela R\u00e1dio Liberdade FM 94,7, nesta&hellip;<\/p>\n","protected":false},"author":1,"featured_media":62345,"comment_status":"open","ping_status":"open","sticky":false,"template":"","format":"standard","meta":{"footnotes":""},"categories":[14122],"tags":[19784,2,19532,1950,20,2491],"class_list":["post-62344","post","type-post","status-publish","format-standard","has-post-thumbnail","hentry","category-politica","tag-caruaru-perde-empregos-para-outras-cidades-por-falta-de-incentivo","tag-blog-do-edvaldo-magalhaes","tag-blog-mais-acessado-e-visualizado-de-caruaru-e-regiao","tag-noticias-de-caruaru","tag-politica","tag-raffie-dellon"],"_links":{"self":[{"href":"https:\/\/blogdoedvaldomagalhaes.com.br\/index.php\/wp-json\/wp\/v2\/posts\/62344","targetHints":{"allow":["GET"]}}],"collection":[{"href":"https:\/\/blogdoedvaldomagalhaes.com.br\/index.php\/wp-json\/wp\/v2\/posts"}],"about":[{"href":"https:\/\/blogdoedvaldomagalhaes.com.br\/index.php\/wp-json\/wp\/v2\/types\/post"}],"author":[{"embeddable":true,"href":"https:\/\/blogdoedvaldomagalhaes.com.br\/index.php\/wp-json\/wp\/v2\/users\/1"}],"replies":[{"embeddable":true,"href":"https:\/\/blogdoedvaldomagalhaes.com.br\/index.php\/wp-json\/wp\/v2\/comments?post=62344"}],"version-history":[{"count":1,"href":"https:\/\/blogdoedvaldomagalhaes.com.br\/index.php\/wp-json\/wp\/v2\/posts\/62344\/revisions"}],"predecessor-version":[{"id":62346,"href":"https:\/\/blogdoedvaldomagalhaes.com.br\/index.php\/wp-json\/wp\/v2\/posts\/62344\/revisions\/62346"}],"wp:featuredmedia":[{"embeddable":true,"href":"https:\/\/blogdoedvaldomagalhaes.com.br\/index.php\/wp-json\/wp\/v2\/media\/62345"}],"wp:attachment":[{"href":"https:\/\/blogdoedvaldomagalhaes.com.br\/index.php\/wp-json\/wp\/v2\/media?parent=62344"}],"wp:term":[{"taxonomy":"category","embeddable":true,"href":"https:\/\/blogdoedvaldomagalhaes.com.br\/index.php\/wp-json\/wp\/v2\/categories?post=62344"},{"taxonomy":"post_tag","embeddable":true,"href":"https:\/\/blogdoedvaldomagalhaes.com.br\/index.php\/wp-json\/wp\/v2\/tags?post=62344"}],"curies":[{"name":"wp","href":"https:\/\/api.w.org\/{rel}","templated":true}]}}