{"id":62341,"date":"2020-10-08T13:06:50","date_gmt":"2020-10-08T16:06:50","guid":{"rendered":"https:\/\/blogdoedvaldomagalhaes.com.br\/?p=62341"},"modified":"2020-10-08T13:06:52","modified_gmt":"2020-10-08T16:06:52","slug":"raquel-lyra-fala-sobre-feira-da-sulanca-seguranca-publica-e-saneamento-durante-entrevista","status":"publish","type":"post","link":"https:\/\/blogdoedvaldomagalhaes.com.br\/index.php\/2020\/10\/08\/raquel-lyra-fala-sobre-feira-da-sulanca-seguranca-publica-e-saneamento-durante-entrevista\/","title":{"rendered":"Raquel Lyra fala sobre Feira da Sulanca, Seguran\u00e7a P\u00fablica e saneamento, durante entrevista"},"content":{"rendered":"<p style=\"text-align: justify;\"><span style=\"font-size: inherit;\">Na noite dessa quarta-feira (7), a candidata \u00e0 reelei\u00e7\u00e3o em Caruaru, Raquel Lyra (PSDB), foi entrevistada no quadro \u201cResenha Pol\u00edtica\u201d do Sistema Jornal do Com\u00e9rcio. A prefeitur\u00e1vel conversou com os jornalistas Igor Maciel e Jamildo Melo sobre temas como Feira da Sulanca e seguran\u00e7a p\u00fablica.<\/span><\/p>\n<p style=\"text-align: justify;\">Raquel Lyra tamb\u00e9m falou da alta necessidade de investimento no saneamento do munic\u00edpio, refor\u00e7ando que continuar\u00e1 trabalhando com os projetos na \u00e1rea. \u201cAcompanhei de perto esta tem\u00e1tica, como vice-presidente [de Saneamento B\u00e1sico] da Frente Nacional de Prefeitos, a quest\u00e3o do saneamento b\u00e1sico do nosso pa\u00eds. Acompanhei de perto o Marco Regulat\u00f3rio de Saneamento e sei como isso deve ser feito. N\u00f3s estamos fazendo todos os estudos necess\u00e1rios para, a partir do ano que vem, a gente ter um novo tipo de discuss\u00e3o sobre o tratamento esgoto e distribui\u00e7\u00e3o de \u00e1gua no nosso munic\u00edpio\u201d, enfatizou.<\/p>\n<p style=\"text-align: justify;\">&#8220;A gente tem conseguido fazer melhorar a vida do nosso povo atrav\u00e9s de parceria com o governo federal e tamb\u00e9m com recursos pr\u00f3prios do munic\u00edpio de Caruaru, atrav\u00e9s do equil\u00edbrio entre receitas e despesas do nosso munic\u00edpio, algo que a gente vem trabalhando desde o in\u00edcio da gest\u00e3o. \u00c0 frente da Prefeitura de Caruaru n\u00f3s estamos conseguindo chegar aos mais diversos locais, equilibrando socialmente, fazendo equil\u00edbrio da periferia, da zona rural, e do centro da nossa cidade. Esse trabalho n\u00e3o pode parar e \u00e9 por isso que mais uma vez me coloco como candidata \u00e0 prefeita&#8221;, finalizou Raquel.<\/p>\n","protected":false},"excerpt":{"rendered":"<p>Na noite dessa quarta-feira (7), a candidata \u00e0 reelei\u00e7\u00e3o em Caruaru, Raquel Lyra (PSDB), foi entrevistada no quadro \u201cResenha Pol\u00edtica\u201d&hellip;<\/p>\n","protected":false},"author":1,"featured_media":62342,"comment_status":"open","ping_status":"open","sticky":false,"template":"","format":"standard","meta":{"footnotes":""},"categories":[14122],"tags":[2,19532,1950,20,19782,19783],"class_list":["post-62341","post","type-post","status-publish","format-standard","has-post-thumbnail","hentry","category-politica","tag-blog-do-edvaldo-magalhaes","tag-blog-mais-acessado-e-visualizado-de-caruaru-e-regiao","tag-noticias-de-caruaru","tag-politica","tag-raquel-lyra-fala-sobre-feira-da-sulanca","tag-seguranca-publica-e-saneamento"],"_links":{"self":[{"href":"https:\/\/blogdoedvaldomagalhaes.com.br\/index.php\/wp-json\/wp\/v2\/posts\/62341","targetHints":{"allow":["GET"]}}],"collection":[{"href":"https:\/\/blogdoedvaldomagalhaes.com.br\/index.php\/wp-json\/wp\/v2\/posts"}],"about":[{"href":"https:\/\/blogdoedvaldomagalhaes.com.br\/index.php\/wp-json\/wp\/v2\/types\/post"}],"author":[{"embeddable":true,"href":"https:\/\/blogdoedvaldomagalhaes.com.br\/index.php\/wp-json\/wp\/v2\/users\/1"}],"replies":[{"embeddable":true,"href":"https:\/\/blogdoedvaldomagalhaes.com.br\/index.php\/wp-json\/wp\/v2\/comments?post=62341"}],"version-history":[{"count":1,"href":"https:\/\/blogdoedvaldomagalhaes.com.br\/index.php\/wp-json\/wp\/v2\/posts\/62341\/revisions"}],"predecessor-version":[{"id":62343,"href":"https:\/\/blogdoedvaldomagalhaes.com.br\/index.php\/wp-json\/wp\/v2\/posts\/62341\/revisions\/62343"}],"wp:featuredmedia":[{"embeddable":true,"href":"https:\/\/blogdoedvaldomagalhaes.com.br\/index.php\/wp-json\/wp\/v2\/media\/62342"}],"wp:attachment":[{"href":"https:\/\/blogdoedvaldomagalhaes.com.br\/index.php\/wp-json\/wp\/v2\/media?parent=62341"}],"wp:term":[{"taxonomy":"category","embeddable":true,"href":"https:\/\/blogdoedvaldomagalhaes.com.br\/index.php\/wp-json\/wp\/v2\/categories?post=62341"},{"taxonomy":"post_tag","embeddable":true,"href":"https:\/\/blogdoedvaldomagalhaes.com.br\/index.php\/wp-json\/wp\/v2\/tags?post=62341"}],"curies":[{"name":"wp","href":"https:\/\/api.w.org\/{rel}","templated":true}]}}