{"id":62328,"date":"2020-10-08T09:51:18","date_gmt":"2020-10-08T12:51:18","guid":{"rendered":"https:\/\/blogdoedvaldomagalhaes.com.br\/?p=62328"},"modified":"2020-10-08T10:06:33","modified_gmt":"2020-10-08T13:06:33","slug":"super-2020-semana-universitaria-upe-caruaru","status":"publish","type":"post","link":"https:\/\/blogdoedvaldomagalhaes.com.br\/index.php\/2020\/10\/08\/super-2020-semana-universitaria-upe-caruaru\/","title":{"rendered":"Super 2020 &#8211; Semana Universit\u00e1ria UPE Caruaru"},"content":{"rendered":"<p style=\"text-align: justify;\"><span style=\"font-size: inherit;\">A SUPER \u00e9 um evento anual organizado por alunos e professores dos cursos de Sistemas de Informa\u00e7\u00e3o e Administra\u00e7\u00e3o da Universidade de Pernambuco Campus Caruaru.\u00a0<\/span><\/p>\n<p style=\"text-align: justify;\">O evento tem como objetivo aproximar a universidade e a sociedade e, portanto, \u00e9 aberto ao p\u00fablico em geral oferecendo uma programa\u00e7\u00e3o diversificada com palestras, mesas redondas, apresenta\u00e7\u00e3o de projetos e ainda diversas apresenta\u00e7\u00f5es musicais.<\/p>\n<p style=\"text-align: justify;\">Em 2020 o tema da SUPER \u00e9 \u201cTransforma\u00e7\u00e3o Digital: Pessoas e Organiza\u00e7\u00f5es\u201d e acontece nos dias 20, 21 e 22 de outubro de forma totalmente remota.<\/p>\n<p style=\"text-align: justify;\">As palestras da SUPER 2020 discorrem na mesma linha do tema abordado. Mas \u00e9 preciso que as pessoas se inscrevam para ter acesso a programa\u00e7\u00e3o<br \/>\n(http:\/\/caruaru.upe.br\/super\/super-2020\/), al\u00e9m da inscri\u00e7\u00e3o os participantes v\u00e3o ter acesso a formul\u00e1rios para avalia\u00e7\u00e3o, controle de presen\u00e7a em cada uma das sess\u00f5es, emiss\u00e3o de certificados de participa\u00e7\u00e3o, links para acesso \u00e0s sess\u00f5es de transmiss\u00e3o ao vivo. As transmiss\u00f5es ter\u00e3o suporte da ferramenta de streaming StreamYard interligada ao Canal de Youtube da UPE Caruaru.<\/p>\n<p style=\"text-align: justify;\">PROGRAMA\u00c7\u00c3O:<\/p>\n<p style=\"text-align: justify;\">Dia 20\/10- ter\u00e7a-feira<\/p>\n<p style=\"text-align: justify;\">SUPER ABERTURA<br \/>\n\u00c0s 19h &#8211;\u00a0Profa. Dra. Paula Gon\u00e7alves (Coord. Setorial de Extens\u00e3o e Cultura da UPE Campus Caruaru) e<br \/>\n\uf0d8 Prof. Pedro Falc\u00e3o (Reitor da UPE)<\/p>\n<p style=\"text-align: justify;\">As 20h &#8211;<span style=\"font-size: inherit;\"> Palestra com o tema: Desafios e transforma\u00e7\u00f5es no \u201cnovo normal\u201d, com Gliner Dias Alencar (Superintendente do IBGE). <\/span><span style=\"font-size: inherit;\">Mediadora Prof \u00aa Patr\u00edcia Moser (UPE)<\/span><\/p>\n<p style=\"text-align: justify;\">As 21h &#8211; Live musical com Isabela Holanda e Riva Le Boss: 21h as 21h30. Ricardo de Deus: 21h30 as 22h.\u00a0Apresentadora: Prof\u00aa Fabiana Souza Le\u00e3o (UPE)<\/p>\n<p style=\"text-align: justify;\">DIA 21\/10 \u2013quarta-feira<\/p>\n<p style=\"text-align: justify;\">15h &#8211; Palestra com o tema: Inova\u00e7\u00e3o e parcerias p\u00fablico-privadas em Caruaru. Palestrantes: Wylliams Barbosa Santos (UPE- REACT-COMEIA), Jorge Fonseca (UPE- REACT), Rafael\u00a0Soares (COMEIA).<\/p>\n<p style=\"text-align: justify;\">16h\u00a0 &#8211; Palestra com o tema: Do S-commerce ao E-commerce. Palestrante: Matheus Souto Maior (chief Operating Officer HiveCloud).\u00a0Mediadora: Prof\u00aa Patricia Moser (UPE)<\/p>\n<p style=\"text-align: justify;\">19h &#8211; Palestra com o tema: Transforma\u00e7\u00e3o digital e tend\u00eancias. Palestrante: Roberto Delgado Arteiro (Minist\u00e9rio P\u00fablico de Pernambuco e consultor em governan\u00e7a e gest\u00e3o de TI). Mediadora: Prof.\u00aa Erika Medeiros (UPE)<\/p>\n<p style=\"text-align: justify;\">20h &#8211; Palestra com o tema: Transforma\u00e7\u00e3o Digital: Como atuar para o sucesso do humano e das organiza\u00e7\u00f5es nesses tempos de p\u00f3s pandemia? Palestrante: Fabr\u00edcia Fa\u00e9 (Facilitadora de processos de transforma\u00e7\u00e3o de indiv\u00edduos e Organiza\u00e7\u00f5es). Mediadora: Prof.\u00aa Fabiana Souza Le\u00e3o (UPE). Live musical com: Johann Brehmer (percuss\u00e3o) 21h as 21:40m M\u00e1rcio Beltr\u00e3o das 21h 40 as 22h20. Apresentadora: Prof.\u00aa Fabiana Souza Le\u00e3o (UPE).<\/p>\n<p style=\"text-align: justify;\">Dia 22 \/10\u2013 Quinta-feira<br \/>\n15h &#8211; Palestra com o tema: Uma economia para o s\u00e9culo XXI: neg\u00f3cios com prop\u00f3sito, economia de comunh\u00e3o e cultura do reconhecimento. Palestrantes:\u00a0 Maria Helena Faller (Presidente da Associa\u00e7\u00e3o Nacional por uma economia de Comunh\u00e3o) e Luciana Neves (Centro de Servi\u00e7o \u00e0 Vida)<br \/>\n\uf0d8 Mediadora: Prof.\u00aa Terezinha Lucas (UPE)<\/p>\n<p style=\"text-align: justify;\">16h &#8211; Palestra com o tema: Neg\u00f3cios culturais: a presen\u00e7a na dist\u00e2ncia. Palestrantes: Amanda Nascimento (Circullus), Dani Elissamar (Ay\u00f4) e Maria Rosa de Brito Maia (Museu Cais do Sert\u00e3o). Mediadora: Prof.\u00aa Paula Gon\u00e7alves (UPE)<\/p>\n<p style=\"text-align: justify;\">17h &#8211; Uma programa\u00e7\u00e3o especial que a organiza\u00e7\u00e3o da SUPER deixou para o \u00faltimo dia. Voc\u00ea vai poder assistir ao filme \u201cO Recife Que Eu Vi\u201d e participar do debate com a realizadora Karina Moutinho e a audiodescritora Liliana Tavares. &#8220;O Recife Que Eu Vi&#8221; nasceu em mar\u00e7o de 2020, a partir de uma chamada p\u00fablica da Propesq\/UFPE, como uma a\u00e7\u00e3o dedicada \u00e0 promo\u00e7\u00e3o de sa\u00fade de pessoas com mais de 60 anos.<\/p>\n<p style=\"text-align: justify;\">19h &#8211; Palestra com o tema: Pandemia, Plataformas Digitais e Direito do Trabalho. Palestrantes: Vanessa Patriota da Fonseca (Procuradora do Minist\u00e9rio P\u00fablico do Trabalho) e Mar\u00edlia Vila Nova (Professora \u2013 Asces\/Unita). Mediador: Prof. Fernando Andrade (UPE).<\/p>\n<p style=\"text-align: justify;\">20h &#8211; Palestra com o tema: Como sair da zona de conforto e criar para si uma nova realidade. Palestrante: R\u00f4mulo Cholewa (Criador de Conte\u00fado). Mediadora: Prof.\u00aa \u00c9rika Medeiros (UPE). Live cultural com: Messias Muniz (voz e viol\u00e3o) 21h as 21h30. Isabela Moraes (voz e viol\u00e3o) 21h30 as 22h. Apresentadora: Prof\u00aa Fabiana Souza Le\u00e3o.<\/p>\n","protected":false},"excerpt":{"rendered":"<p>A SUPER \u00e9 um evento anual organizado por alunos e professores dos cursos de Sistemas de Informa\u00e7\u00e3o e Administra\u00e7\u00e3o da&hellip;<\/p>\n","protected":false},"author":1,"featured_media":62329,"comment_status":"open","ping_status":"open","sticky":false,"template":"","format":"standard","meta":{"footnotes":""},"categories":[14120],"tags":[2,19532,19778],"class_list":["post-62328","post","type-post","status-publish","format-standard","has-post-thumbnail","hentry","category-noticias","tag-blog-do-edvaldo-magalhaes","tag-blog-mais-acessado-e-visualizado-de-caruaru-e-regiao","tag-super-2020-semana-universitaria-upe-caruaru"],"_links":{"self":[{"href":"https:\/\/blogdoedvaldomagalhaes.com.br\/index.php\/wp-json\/wp\/v2\/posts\/62328","targetHints":{"allow":["GET"]}}],"collection":[{"href":"https:\/\/blogdoedvaldomagalhaes.com.br\/index.php\/wp-json\/wp\/v2\/posts"}],"about":[{"href":"https:\/\/blogdoedvaldomagalhaes.com.br\/index.php\/wp-json\/wp\/v2\/types\/post"}],"author":[{"embeddable":true,"href":"https:\/\/blogdoedvaldomagalhaes.com.br\/index.php\/wp-json\/wp\/v2\/users\/1"}],"replies":[{"embeddable":true,"href":"https:\/\/blogdoedvaldomagalhaes.com.br\/index.php\/wp-json\/wp\/v2\/comments?post=62328"}],"version-history":[{"count":2,"href":"https:\/\/blogdoedvaldomagalhaes.com.br\/index.php\/wp-json\/wp\/v2\/posts\/62328\/revisions"}],"predecessor-version":[{"id":62332,"href":"https:\/\/blogdoedvaldomagalhaes.com.br\/index.php\/wp-json\/wp\/v2\/posts\/62328\/revisions\/62332"}],"wp:featuredmedia":[{"embeddable":true,"href":"https:\/\/blogdoedvaldomagalhaes.com.br\/index.php\/wp-json\/wp\/v2\/media\/62329"}],"wp:attachment":[{"href":"https:\/\/blogdoedvaldomagalhaes.com.br\/index.php\/wp-json\/wp\/v2\/media?parent=62328"}],"wp:term":[{"taxonomy":"category","embeddable":true,"href":"https:\/\/blogdoedvaldomagalhaes.com.br\/index.php\/wp-json\/wp\/v2\/categories?post=62328"},{"taxonomy":"post_tag","embeddable":true,"href":"https:\/\/blogdoedvaldomagalhaes.com.br\/index.php\/wp-json\/wp\/v2\/tags?post=62328"}],"curies":[{"name":"wp","href":"https:\/\/api.w.org\/{rel}","templated":true}]}}