{"id":62317,"date":"2020-10-08T08:40:57","date_gmt":"2020-10-08T11:40:57","guid":{"rendered":"https:\/\/blogdoedvaldomagalhaes.com.br\/?p=62317"},"modified":"2020-10-08T08:40:58","modified_gmt":"2020-10-08T11:40:58","slug":"justica-nega-recursos-e-mantem-suspensao-das-aulas-presenciais-nas-redes-particular-e-publica","status":"publish","type":"post","link":"https:\/\/blogdoedvaldomagalhaes.com.br\/index.php\/2020\/10\/08\/justica-nega-recursos-e-mantem-suspensao-das-aulas-presenciais-nas-redes-particular-e-publica\/","title":{"rendered":"Justi\u00e7a nega recursos e mant\u00e9m suspens\u00e3o das aulas presenciais nas redes particular e p\u00fablica"},"content":{"rendered":"<p style=\"text-align: justify;\">Em Pernambuco, as aulas presenciais das escolas particulares e da rede estadual seguem suspensas. Nesta quarta-feira (7), a Justi\u00e7a, em duas decis\u00f5es em separado, manteve os alunos ainda fora das salas de aulas devido \u00e0 pandemia do novo coronav\u00edrus.<\/p>\n<p style=\"text-align: justify;\">Na rede p\u00fablica estadual de ensino, o\u00a0Tribunal de Justi\u00e7a de Pernambuco (TJPE) negou a contesta\u00e7\u00e3o apresentada pela Procuradoria Geral do Estado (PGE) contra a decis\u00e3o que suspendeu a volta das atividades presenciais. O Governo informou que j\u00e1 deu entrada em um novo recurso na noite desta quarta-feira (7).<\/p>\n<p style=\"text-align: justify;\">Ap\u00f3s anunciar que\u00a0<a href=\"https:\/\/www.folhape.com.br\/noticias\/governo-vai-recorrer-de-decisao-que-suspende-volta-as-aulas\/157350\/\" target=\"_blank\" rel=\"noopener noreferrer\">vai recorrer das decis\u00f5es que anulam os efeitos<\/a>\u00a0do decreto sobre a retomada, a Procuradoria moveu uma a\u00e7\u00e3o de reclama\u00e7\u00e3o contra a decis\u00e3o do juiz Augusto Angelim, da 5\u00aa Vara da Fazenda P\u00fablica da Capital, que determinou, na \u00faltima ter\u00e7a-feira, a suspens\u00e3o da retomada nas escolas estaduais.<\/p>\n<p style=\"text-align: justify;\">Na contesta\u00e7\u00e3o, o Governo afirmou que a determina\u00e7\u00e3o afronta a outra decis\u00e3o do Tribunal, que mandou encerrar a greve dos servidores da rede p\u00fablica.<\/p>\n<p style=\"text-align: justify;\">No entanto, o desembargador F\u00e1bio Eug\u00eanio de Oliveira Lima, relator do caso, considerou que os dois processos t\u00eam naturezas distintas.<\/p>\n<p style=\"text-align: justify;\">\u201cA a\u00e7\u00e3o c\u00edvel origin\u00e1ria ajuizada pelo Estado de Pernambuco tem por objeto o encerramento da greve deflagrada em 30 de setembro enquanto, ao que se compreende, a A\u00e7\u00e3o Civil P\u00fablica apresentada pelo sindicato tem por objeto a suspens\u00e3o dos efeitos do decreto\u201d, argumentou o desembargador no texto, acrescentando que a reclama\u00e7\u00e3o n\u00e3o caberia como recurso. Assim, o magistrado mandou extinguir a a\u00e7\u00e3o.<\/p>\n<p style=\"text-align: justify;\">Diante disso, a PGE ajuizou um agravo de instrumento no pr\u00f3prio TJ como recurso direto contra a decis\u00e3o do juiz Augusto Angelim, solicitando o fim da suspens\u00e3o.<\/p>\n<p style=\"text-align: justify;\">Em rela\u00e7\u00e3o \u00e0s escolas particulares, tamb\u00e9m<a href=\"https:\/\/www.folhape.com.br\/noticias\/justica-do-trabalho-nega-pedido-das-particulares-e-mantem-suspensa\/157491\/\">\u00a0foi negado,\u00a0pelo Tribunal Regional do Trabalho da 6\u00aa Regi\u00e3o (TRT-6)<\/a>, no Recife, o\u00a0pedido apresentado pelo sindicato patronal das escolas privadas de Pernambuco para revogar a suspens\u00e3o da retomada das atividades presenciais. Assim, est\u00e1 mantida a decis\u00e3o de proibir a reabertura dos col\u00e9gios particulares, que, desde o dia 18 de mar\u00e7o, funcionam apenas de maneira remota.<\/p>\n<p style=\"text-align: justify;\">A a\u00e7\u00e3o do Sindicato dos Estabelecimentos de Ensino de Pernambuco (Sinepe-PE) foi analisada pelo juiz da 12\u00aa Vara do Trabalho do Recife, Hugo Cavalcanti Melo Filho, que tamb\u00e9m havia dado a decis\u00e3o publicada na \u00faltima segunda-feira (5).<\/p>\n<p style=\"text-align: justify;\"><strong>Informa\u00e7\u00f5es do Portal FolhaPE.<\/strong><\/p>\n<p><strong>Foto: Alexandre Aroeira\/Folha de Pernambuco.<\/strong><\/p>\n","protected":false},"excerpt":{"rendered":"<p>Em Pernambuco, as aulas presenciais das escolas particulares e da rede estadual seguem suspensas. Nesta quarta-feira (7), a Justi\u00e7a, em&hellip;<\/p>\n","protected":false},"author":1,"featured_media":62318,"comment_status":"open","ping_status":"open","sticky":false,"template":"","format":"standard","meta":{"footnotes":""},"categories":[14120],"tags":[2,19532,19777,6],"class_list":["post-62317","post","type-post","status-publish","format-standard","has-post-thumbnail","hentry","category-noticias","tag-blog-do-edvaldo-magalhaes","tag-blog-mais-acessado-e-visualizado-de-caruaru-e-regiao","tag-justica-nega-recursos-e-mantem-suspensao-das-aulas-presenciais-nas-redes-particular-e-publica","tag-noticias"],"_links":{"self":[{"href":"https:\/\/blogdoedvaldomagalhaes.com.br\/index.php\/wp-json\/wp\/v2\/posts\/62317","targetHints":{"allow":["GET"]}}],"collection":[{"href":"https:\/\/blogdoedvaldomagalhaes.com.br\/index.php\/wp-json\/wp\/v2\/posts"}],"about":[{"href":"https:\/\/blogdoedvaldomagalhaes.com.br\/index.php\/wp-json\/wp\/v2\/types\/post"}],"author":[{"embeddable":true,"href":"https:\/\/blogdoedvaldomagalhaes.com.br\/index.php\/wp-json\/wp\/v2\/users\/1"}],"replies":[{"embeddable":true,"href":"https:\/\/blogdoedvaldomagalhaes.com.br\/index.php\/wp-json\/wp\/v2\/comments?post=62317"}],"version-history":[{"count":1,"href":"https:\/\/blogdoedvaldomagalhaes.com.br\/index.php\/wp-json\/wp\/v2\/posts\/62317\/revisions"}],"predecessor-version":[{"id":62319,"href":"https:\/\/blogdoedvaldomagalhaes.com.br\/index.php\/wp-json\/wp\/v2\/posts\/62317\/revisions\/62319"}],"wp:featuredmedia":[{"embeddable":true,"href":"https:\/\/blogdoedvaldomagalhaes.com.br\/index.php\/wp-json\/wp\/v2\/media\/62318"}],"wp:attachment":[{"href":"https:\/\/blogdoedvaldomagalhaes.com.br\/index.php\/wp-json\/wp\/v2\/media?parent=62317"}],"wp:term":[{"taxonomy":"category","embeddable":true,"href":"https:\/\/blogdoedvaldomagalhaes.com.br\/index.php\/wp-json\/wp\/v2\/categories?post=62317"},{"taxonomy":"post_tag","embeddable":true,"href":"https:\/\/blogdoedvaldomagalhaes.com.br\/index.php\/wp-json\/wp\/v2\/tags?post=62317"}],"curies":[{"name":"wp","href":"https:\/\/api.w.org\/{rel}","templated":true}]}}