{"id":62314,"date":"2020-10-08T08:25:14","date_gmt":"2020-10-08T11:25:14","guid":{"rendered":"https:\/\/blogdoedvaldomagalhaes.com.br\/?p=62314"},"modified":"2020-10-08T08:25:15","modified_gmt":"2020-10-08T11:25:15","slug":"assinada-ordem-de-servico-para-inicio-de-reforma-no-aeroporto-de-caruaru","status":"publish","type":"post","link":"https:\/\/blogdoedvaldomagalhaes.com.br\/index.php\/2020\/10\/08\/assinada-ordem-de-servico-para-inicio-de-reforma-no-aeroporto-de-caruaru\/","title":{"rendered":"Assinada ordem de servi\u00e7o para in\u00edcio de reforma no Aeroporto de Caruaru"},"content":{"rendered":"<p style=\"text-align: justify;\">O pr\u00e9dio do terminal de passageiros do Aeroporto Oscar Laranjeira, em Caruaru, Agreste de Pernambuco, passar\u00e1 por reforma. A Secretaria de Infraestrutura e Recursos H\u00eddricos do Estado informou que foi conclu\u00edda licita\u00e7\u00e3o.<\/p>\n<p style=\"text-align: justify;\">Nesta quarta-feira (07), foi assinada a ordem de servi\u00e7o para o in\u00edcio dos trabalhos que t\u00eam investimento de 449.688 reais. A previs\u00e3o \u00e9 que os servi\u00e7os sejam conclu\u00eddos em, no m\u00e1ximo, dois meses.<\/p>\n<p style=\"text-align: justify;\">Al\u00e9m da reforma da estrutura, a iniciativa inclui a remo\u00e7\u00e3o dos obst\u00e1culos determinados pelo Plano B\u00e1sico de Zona de Prote\u00e7\u00e3o de Aer\u00f3dromo.<\/p>\n<p>Por Helenivaldo Pereira.<\/p>\n","protected":false},"excerpt":{"rendered":"<p>O pr\u00e9dio do terminal de passageiros do Aeroporto Oscar Laranjeira, em Caruaru, Agreste de Pernambuco, passar\u00e1 por reforma. A Secretaria&hellip;<\/p>\n","protected":false},"author":1,"featured_media":62315,"comment_status":"open","ping_status":"open","sticky":false,"template":"","format":"standard","meta":{"footnotes":""},"categories":[14120],"tags":[19776,2,19532,1950],"class_list":["post-62314","post","type-post","status-publish","format-standard","has-post-thumbnail","hentry","category-noticias","tag-assinada-ordem-de-servico-para-inicio-de-reforma-no-aeroporto-de-caruaru","tag-blog-do-edvaldo-magalhaes","tag-blog-mais-acessado-e-visualizado-de-caruaru-e-regiao","tag-noticias-de-caruaru"],"_links":{"self":[{"href":"https:\/\/blogdoedvaldomagalhaes.com.br\/index.php\/wp-json\/wp\/v2\/posts\/62314","targetHints":{"allow":["GET"]}}],"collection":[{"href":"https:\/\/blogdoedvaldomagalhaes.com.br\/index.php\/wp-json\/wp\/v2\/posts"}],"about":[{"href":"https:\/\/blogdoedvaldomagalhaes.com.br\/index.php\/wp-json\/wp\/v2\/types\/post"}],"author":[{"embeddable":true,"href":"https:\/\/blogdoedvaldomagalhaes.com.br\/index.php\/wp-json\/wp\/v2\/users\/1"}],"replies":[{"embeddable":true,"href":"https:\/\/blogdoedvaldomagalhaes.com.br\/index.php\/wp-json\/wp\/v2\/comments?post=62314"}],"version-history":[{"count":1,"href":"https:\/\/blogdoedvaldomagalhaes.com.br\/index.php\/wp-json\/wp\/v2\/posts\/62314\/revisions"}],"predecessor-version":[{"id":62316,"href":"https:\/\/blogdoedvaldomagalhaes.com.br\/index.php\/wp-json\/wp\/v2\/posts\/62314\/revisions\/62316"}],"wp:featuredmedia":[{"embeddable":true,"href":"https:\/\/blogdoedvaldomagalhaes.com.br\/index.php\/wp-json\/wp\/v2\/media\/62315"}],"wp:attachment":[{"href":"https:\/\/blogdoedvaldomagalhaes.com.br\/index.php\/wp-json\/wp\/v2\/media?parent=62314"}],"wp:term":[{"taxonomy":"category","embeddable":true,"href":"https:\/\/blogdoedvaldomagalhaes.com.br\/index.php\/wp-json\/wp\/v2\/categories?post=62314"},{"taxonomy":"post_tag","embeddable":true,"href":"https:\/\/blogdoedvaldomagalhaes.com.br\/index.php\/wp-json\/wp\/v2\/tags?post=62314"}],"curies":[{"name":"wp","href":"https:\/\/api.w.org\/{rel}","templated":true}]}}