{"id":62306,"date":"2020-10-07T23:06:58","date_gmt":"2020-10-08T02:06:58","guid":{"rendered":"https:\/\/blogdoedvaldomagalhaes.com.br\/?p=62306"},"modified":"2020-10-07T23:19:57","modified_gmt":"2020-10-08T02:19:57","slug":"raffie-visitou-o-distrito-industrial-de-caruaru-na-tarde-desta-quarta-feira-7","status":"publish","type":"post","link":"https:\/\/blogdoedvaldomagalhaes.com.br\/index.php\/2020\/10\/07\/raffie-visitou-o-distrito-industrial-de-caruaru-na-tarde-desta-quarta-feira-7\/","title":{"rendered":"Raffi\u00ea visitou o Distrito Industrial de Caruaru na tarde desta quarta-feira (7)"},"content":{"rendered":"<p style=\"text-align: justify;\"><span style=\"font-size: inherit;\">O candidato a prefeito Raffi\u00ea Dellon (PSD), visitou algumas ind\u00fastrias na tarde desta quarta-feira (7), onde apresentou suas propostas para a melhoria da economia, das condi\u00e7\u00f5es de trabalho e desenvolvimento sustent\u00e1vel do munic\u00edpio.<\/span><\/p>\n<p style=\"text-align: justify;\">Durante as visitas, Raffi\u00ea ressaltou a import\u00e2ncia do Polo Industrial e T\u00eaxtil para Caruaru e toda regi\u00e3o agreste do nosso estado, na gera\u00e7\u00e3o de emprego e renda. &#8220;Essa \u00e9 uma das bandeiras do meu governo: gerar mais oportunidades de emprego. Devido a pandemia, muitas ind\u00fastrias importantes fecharam as portas e muitos trabalhadores ficaram desempregados. \u00c9 compromisso nosso buscar melhorar essas condi\u00e7\u00f5es. Emprego \u00e9 renda, emprego \u00e9 dignidade&#8221;, afirmou.<\/p>\n<p style=\"text-align: justify;\">Outro ponto abordado pelo candidato foram as melhorias na sa\u00fade para os trabalhadores que residem nas zonas rurais da cidade, como a cria\u00e7\u00e3o do Samu Rural que traz para Caruaru a possibilidade de pessoas serem atendidas com mais agilidade. &#8220;Temos uma dificuldade enorme de locomo\u00e7\u00e3o para zona urbana, ent\u00e3o a popula\u00e7\u00e3o mais abastada sofre muito com essa situa\u00e7\u00e3o&#8221;, finalizou o candidato.<\/p>\n<p>Foto: Andreza Ferreira.<\/p>\n","protected":false},"excerpt":{"rendered":"<p>O candidato a prefeito Raffi\u00ea Dellon (PSD), visitou algumas ind\u00fastrias na tarde desta quarta-feira (7), onde apresentou suas propostas para&hellip;<\/p>\n","protected":false},"author":1,"featured_media":62307,"comment_status":"open","ping_status":"open","sticky":false,"template":"","format":"standard","meta":{"footnotes":""},"categories":[14122],"tags":[2,19532,1950,20,19775],"class_list":["post-62306","post","type-post","status-publish","format-standard","has-post-thumbnail","hentry","category-politica","tag-blog-do-edvaldo-magalhaes","tag-blog-mais-acessado-e-visualizado-de-caruaru-e-regiao","tag-noticias-de-caruaru","tag-politica","tag-raffie-visitou-o-distrito-industrial-de-caruaru-na-tarde-desta-quarta-feira-7"],"_links":{"self":[{"href":"https:\/\/blogdoedvaldomagalhaes.com.br\/index.php\/wp-json\/wp\/v2\/posts\/62306","targetHints":{"allow":["GET"]}}],"collection":[{"href":"https:\/\/blogdoedvaldomagalhaes.com.br\/index.php\/wp-json\/wp\/v2\/posts"}],"about":[{"href":"https:\/\/blogdoedvaldomagalhaes.com.br\/index.php\/wp-json\/wp\/v2\/types\/post"}],"author":[{"embeddable":true,"href":"https:\/\/blogdoedvaldomagalhaes.com.br\/index.php\/wp-json\/wp\/v2\/users\/1"}],"replies":[{"embeddable":true,"href":"https:\/\/blogdoedvaldomagalhaes.com.br\/index.php\/wp-json\/wp\/v2\/comments?post=62306"}],"version-history":[{"count":2,"href":"https:\/\/blogdoedvaldomagalhaes.com.br\/index.php\/wp-json\/wp\/v2\/posts\/62306\/revisions"}],"predecessor-version":[{"id":62309,"href":"https:\/\/blogdoedvaldomagalhaes.com.br\/index.php\/wp-json\/wp\/v2\/posts\/62306\/revisions\/62309"}],"wp:featuredmedia":[{"embeddable":true,"href":"https:\/\/blogdoedvaldomagalhaes.com.br\/index.php\/wp-json\/wp\/v2\/media\/62307"}],"wp:attachment":[{"href":"https:\/\/blogdoedvaldomagalhaes.com.br\/index.php\/wp-json\/wp\/v2\/media?parent=62306"}],"wp:term":[{"taxonomy":"category","embeddable":true,"href":"https:\/\/blogdoedvaldomagalhaes.com.br\/index.php\/wp-json\/wp\/v2\/categories?post=62306"},{"taxonomy":"post_tag","embeddable":true,"href":"https:\/\/blogdoedvaldomagalhaes.com.br\/index.php\/wp-json\/wp\/v2\/tags?post=62306"}],"curies":[{"name":"wp","href":"https:\/\/api.w.org\/{rel}","templated":true}]}}