{"id":62294,"date":"2020-10-07T20:44:11","date_gmt":"2020-10-07T23:44:11","guid":{"rendered":"https:\/\/blogdoedvaldomagalhaes.com.br\/?p=62294"},"modified":"2020-10-07T20:58:25","modified_gmt":"2020-10-07T23:58:25","slug":"penitenciaria-de-caruaru-inaugura-cinco-salas-de-videoconferencias-judiciais","status":"publish","type":"post","link":"https:\/\/blogdoedvaldomagalhaes.com.br\/index.php\/2020\/10\/07\/penitenciaria-de-caruaru-inaugura-cinco-salas-de-videoconferencias-judiciais\/","title":{"rendered":"Penitenci\u00e1ria de Caruaru inaugura cinco salas de videoconfer\u00eancias judiciais"},"content":{"rendered":"<p style=\"text-align: justify;\">Cinco salas de Videoconfer\u00eancias Judiciais foram inauguradas, nesta quarta-feira (07), na Penitenci\u00e1ria Juiz Pl\u00e1cido de Souza, em Caruaru, Agreste de Pernambuco.<\/p>\n<p style=\"text-align: justify;\">Elas fazem parte do projeto em que todas as unidades prisionais est\u00e3o&nbsp;adaptando sua estrutura f\u00edsica para realizar as audi\u00eancias virtuais com maior agilidade.<\/p>\n<p style=\"text-align: justify;\">De acordo com a Secretaria Executiva de Ressocializa\u00e7\u00e3o (Seres), a expectativa \u00e9 de que at\u00e9 o final deste ano 100% dessas comunica\u00e7\u00f5es ocorram virtualmente. As salas foram constru\u00eddas com m\u00e3o de obra carcer\u00e1ria, todas com equipamentos de tecnologia, mobili\u00e1rios e condicionadores de ar, al\u00e9m do xadrez, local onde os detentos aguardam o atendimento.<\/p>\n<p style=\"text-align: justify;\">A previs\u00e3o \u00e9 de que sejam realizadas dez conex\u00f5es simult\u00e2neas diariamente, inclusive com outros Estados. As videoconfer\u00eancias estavam sendo realizadas de forma improvisada no audit\u00f3rio.<\/p>\n<p style=\"text-align: justify;\">A inaugura\u00e7\u00e3o contou com a presen\u00e7a do secret\u00e1rio-executivo de Ressocializa\u00e7\u00e3o, C\u00edcero Rodrigues; o gerente da unidade, Paulo Paes; e representantes da OAB Caruaru.<\/p>\n\n\n<figure class=\"wp-block-image size-large\"><img loading=\"lazy\" decoding=\"async\" width=\"1024\" height=\"768\" src=\"https:\/\/blogdoedvaldomagalhaes.com.br\/wp-content\/uploads\/2020\/10\/IMG-20201007-WA0057-1024x768.jpg\" alt=\"\" class=\"wp-image-62297\" srcset=\"https:\/\/blogdoedvaldomagalhaes.com.br\/wp-content\/uploads\/2020\/10\/IMG-20201007-WA0057-1024x768.jpg 1024w, https:\/\/blogdoedvaldomagalhaes.com.br\/wp-content\/uploads\/2020\/10\/IMG-20201007-WA0057-300x225.jpg 300w, https:\/\/blogdoedvaldomagalhaes.com.br\/wp-content\/uploads\/2020\/10\/IMG-20201007-WA0057-768x576.jpg 768w, https:\/\/blogdoedvaldomagalhaes.com.br\/wp-content\/uploads\/2020\/10\/IMG-20201007-WA0057-160x120.jpg 160w, https:\/\/blogdoedvaldomagalhaes.com.br\/wp-content\/uploads\/2020\/10\/IMG-20201007-WA0057.jpg 1280w\" sizes=\"auto, (max-width: 1024px) 100vw, 1024px\" \/><\/figure>\n\n\n\n<figure class=\"wp-block-image size-large\"><img loading=\"lazy\" decoding=\"async\" width=\"1024\" height=\"547\" src=\"https:\/\/blogdoedvaldomagalhaes.com.br\/wp-content\/uploads\/2020\/10\/IMG-20201007-WA0058.jpg\" alt=\"\" class=\"wp-image-62298\" srcset=\"https:\/\/blogdoedvaldomagalhaes.com.br\/wp-content\/uploads\/2020\/10\/IMG-20201007-WA0058.jpg 1024w, https:\/\/blogdoedvaldomagalhaes.com.br\/wp-content\/uploads\/2020\/10\/IMG-20201007-WA0058-300x160.jpg 300w, https:\/\/blogdoedvaldomagalhaes.com.br\/wp-content\/uploads\/2020\/10\/IMG-20201007-WA0058-768x410.jpg 768w\" sizes=\"auto, (max-width: 1024px) 100vw, 1024px\" \/><\/figure>\n\n\n\n<figure class=\"wp-block-image size-large\"><img loading=\"lazy\" decoding=\"async\" width=\"1024\" height=\"768\" src=\"https:\/\/blogdoedvaldomagalhaes.com.br\/wp-content\/uploads\/2020\/10\/IMG-20201007-WA0054-1024x768.jpg\" alt=\"\" class=\"wp-image-62299\" srcset=\"https:\/\/blogdoedvaldomagalhaes.com.br\/wp-content\/uploads\/2020\/10\/IMG-20201007-WA0054-1024x768.jpg 1024w, https:\/\/blogdoedvaldomagalhaes.com.br\/wp-content\/uploads\/2020\/10\/IMG-20201007-WA0054-300x225.jpg 300w, https:\/\/blogdoedvaldomagalhaes.com.br\/wp-content\/uploads\/2020\/10\/IMG-20201007-WA0054-768x576.jpg 768w, https:\/\/blogdoedvaldomagalhaes.com.br\/wp-content\/uploads\/2020\/10\/IMG-20201007-WA0054-160x120.jpg 160w, https:\/\/blogdoedvaldomagalhaes.com.br\/wp-content\/uploads\/2020\/10\/IMG-20201007-WA0054.jpg 1280w\" sizes=\"auto, (max-width: 1024px) 100vw, 1024px\" \/><\/figure>\n\n\n\n<figure class=\"wp-block-image size-large\"><img loading=\"lazy\" decoding=\"async\" width=\"1024\" height=\"768\" src=\"https:\/\/blogdoedvaldomagalhaes.com.br\/wp-content\/uploads\/2020\/10\/IMG-20201007-WA0055-1024x768.jpg\" alt=\"\" class=\"wp-image-62300\" srcset=\"https:\/\/blogdoedvaldomagalhaes.com.br\/wp-content\/uploads\/2020\/10\/IMG-20201007-WA0055-1024x768.jpg 1024w, https:\/\/blogdoedvaldomagalhaes.com.br\/wp-content\/uploads\/2020\/10\/IMG-20201007-WA0055-300x225.jpg 300w, https:\/\/blogdoedvaldomagalhaes.com.br\/wp-content\/uploads\/2020\/10\/IMG-20201007-WA0055-768x576.jpg 768w, https:\/\/blogdoedvaldomagalhaes.com.br\/wp-content\/uploads\/2020\/10\/IMG-20201007-WA0055-160x120.jpg 160w, https:\/\/blogdoedvaldomagalhaes.com.br\/wp-content\/uploads\/2020\/10\/IMG-20201007-WA0055.jpg 1280w\" sizes=\"auto, (max-width: 1024px) 100vw, 1024px\" \/><figcaption>Fotos: Cristiano R\u00e9gis<\/figcaption><\/figure>\n","protected":false},"excerpt":{"rendered":"<p>Cinco salas de Videoconfer\u00eancias Judiciais foram inauguradas, nesta quarta-feira (07), na Penitenci\u00e1ria Juiz Pl\u00e1cido de Souza, em Caruaru, Agreste de&hellip;<\/p>\n","protected":false},"author":1,"featured_media":62295,"comment_status":"open","ping_status":"open","sticky":false,"template":"","format":"standard","meta":{"footnotes":""},"categories":[14120],"tags":[2,19532,1950,19773],"class_list":["post-62294","post","type-post","status-publish","format-standard","has-post-thumbnail","hentry","category-noticias","tag-blog-do-edvaldo-magalhaes","tag-blog-mais-acessado-e-visualizado-de-caruaru-e-regiao","tag-noticias-de-caruaru","tag-penitenciaria-de-caruaru-inaugura-cinco-salas-de-videoconferencias-judiciais"],"_links":{"self":[{"href":"https:\/\/blogdoedvaldomagalhaes.com.br\/index.php\/wp-json\/wp\/v2\/posts\/62294","targetHints":{"allow":["GET"]}}],"collection":[{"href":"https:\/\/blogdoedvaldomagalhaes.com.br\/index.php\/wp-json\/wp\/v2\/posts"}],"about":[{"href":"https:\/\/blogdoedvaldomagalhaes.com.br\/index.php\/wp-json\/wp\/v2\/types\/post"}],"author":[{"embeddable":true,"href":"https:\/\/blogdoedvaldomagalhaes.com.br\/index.php\/wp-json\/wp\/v2\/users\/1"}],"replies":[{"embeddable":true,"href":"https:\/\/blogdoedvaldomagalhaes.com.br\/index.php\/wp-json\/wp\/v2\/comments?post=62294"}],"version-history":[{"count":2,"href":"https:\/\/blogdoedvaldomagalhaes.com.br\/index.php\/wp-json\/wp\/v2\/posts\/62294\/revisions"}],"predecessor-version":[{"id":62301,"href":"https:\/\/blogdoedvaldomagalhaes.com.br\/index.php\/wp-json\/wp\/v2\/posts\/62294\/revisions\/62301"}],"wp:featuredmedia":[{"embeddable":true,"href":"https:\/\/blogdoedvaldomagalhaes.com.br\/index.php\/wp-json\/wp\/v2\/media\/62295"}],"wp:attachment":[{"href":"https:\/\/blogdoedvaldomagalhaes.com.br\/index.php\/wp-json\/wp\/v2\/media?parent=62294"}],"wp:term":[{"taxonomy":"category","embeddable":true,"href":"https:\/\/blogdoedvaldomagalhaes.com.br\/index.php\/wp-json\/wp\/v2\/categories?post=62294"},{"taxonomy":"post_tag","embeddable":true,"href":"https:\/\/blogdoedvaldomagalhaes.com.br\/index.php\/wp-json\/wp\/v2\/tags?post=62294"}],"curies":[{"name":"wp","href":"https:\/\/api.w.org\/{rel}","templated":true}]}}