{"id":62287,"date":"2020-10-07T19:41:14","date_gmt":"2020-10-07T22:41:14","guid":{"rendered":"https:\/\/blogdoedvaldomagalhaes.com.br\/?p=62287"},"modified":"2020-10-07T19:41:15","modified_gmt":"2020-10-07T22:41:15","slug":"secretaria-de-saude-de-caruaru-registra-73-novos-casos-de-covid-19-e-uma-morte","status":"publish","type":"post","link":"https:\/\/blogdoedvaldomagalhaes.com.br\/index.php\/2020\/10\/07\/secretaria-de-saude-de-caruaru-registra-73-novos-casos-de-covid-19-e-uma-morte\/","title":{"rendered":"Secretaria de Sa\u00fade de Caruaru registra 73 novos casos de covid-19 e uma morte"},"content":{"rendered":"<p style=\"text-align: justify;\">A Secretaria de Sa\u00fade de Caruaru, Agreste de Pernambuco, confirmou 73 novos casos de covid-19 e uma morte. De acordo com o boletim 24 horas, divulgado na noite desta quarta-feira (07), o \u00f3bito foi de uma mulher, de 43 anos, ocorrido no dia 30 de setembro.<\/p>\n<p style=\"text-align: justify;\">Do in\u00edcio da pandemia at\u00e9 agora, Caruaru soma 8.888 casos confirmados do novo coronav\u00edrus e 345 mortes. Est\u00e3o em investiga\u00e7\u00e3o 3 \u00f3bitos e 612 casos. J\u00e1 o n\u00famero de pacientes recuperados da doen\u00e7a subiu para 8.392 (94,41%).<\/p>\n<p style=\"text-align: justify;\">Foto: Jana\u00edna Pepeu.<\/p>\n\n\n<figure class=\"wp-block-image size-large\"><img loading=\"lazy\" decoding=\"async\" width=\"1024\" height=\"1024\" src=\"https:\/\/blogdoedvaldomagalhaes.com.br\/wp-content\/uploads\/2020\/10\/IMG-20201007-WA0131-1024x1024.jpg\" alt=\"\" class=\"wp-image-62289\" srcset=\"https:\/\/blogdoedvaldomagalhaes.com.br\/wp-content\/uploads\/2020\/10\/IMG-20201007-WA0131-1024x1024.jpg 1024w, https:\/\/blogdoedvaldomagalhaes.com.br\/wp-content\/uploads\/2020\/10\/IMG-20201007-WA0131-300x300.jpg 300w, https:\/\/blogdoedvaldomagalhaes.com.br\/wp-content\/uploads\/2020\/10\/IMG-20201007-WA0131-150x150.jpg 150w, https:\/\/blogdoedvaldomagalhaes.com.br\/wp-content\/uploads\/2020\/10\/IMG-20201007-WA0131-768x768.jpg 768w, https:\/\/blogdoedvaldomagalhaes.com.br\/wp-content\/uploads\/2020\/10\/IMG-20201007-WA0131.jpg 1280w\" sizes=\"auto, (max-width: 1024px) 100vw, 1024px\" \/><\/figure>\n","protected":false},"excerpt":{"rendered":"<p>A Secretaria de Sa\u00fade de Caruaru, Agreste de Pernambuco, confirmou 73 novos casos de covid-19 e uma morte. De acordo&hellip;<\/p>\n","protected":false},"author":1,"featured_media":62288,"comment_status":"open","ping_status":"open","sticky":false,"template":"","format":"standard","meta":{"footnotes":""},"categories":[14120],"tags":[2,19532,1950,19670,19772],"class_list":["post-62287","post","type-post","status-publish","format-standard","has-post-thumbnail","hentry","category-noticias","tag-blog-do-edvaldo-magalhaes","tag-blog-mais-acessado-e-visualizado-de-caruaru-e-regiao","tag-noticias-de-caruaru","tag-novo-coronavirus","tag-secretaria-de-saude-de-caruaru-registra-73-novos-casos-de-covid-19-e-uma-morte"],"_links":{"self":[{"href":"https:\/\/blogdoedvaldomagalhaes.com.br\/index.php\/wp-json\/wp\/v2\/posts\/62287","targetHints":{"allow":["GET"]}}],"collection":[{"href":"https:\/\/blogdoedvaldomagalhaes.com.br\/index.php\/wp-json\/wp\/v2\/posts"}],"about":[{"href":"https:\/\/blogdoedvaldomagalhaes.com.br\/index.php\/wp-json\/wp\/v2\/types\/post"}],"author":[{"embeddable":true,"href":"https:\/\/blogdoedvaldomagalhaes.com.br\/index.php\/wp-json\/wp\/v2\/users\/1"}],"replies":[{"embeddable":true,"href":"https:\/\/blogdoedvaldomagalhaes.com.br\/index.php\/wp-json\/wp\/v2\/comments?post=62287"}],"version-history":[{"count":1,"href":"https:\/\/blogdoedvaldomagalhaes.com.br\/index.php\/wp-json\/wp\/v2\/posts\/62287\/revisions"}],"predecessor-version":[{"id":62290,"href":"https:\/\/blogdoedvaldomagalhaes.com.br\/index.php\/wp-json\/wp\/v2\/posts\/62287\/revisions\/62290"}],"wp:featuredmedia":[{"embeddable":true,"href":"https:\/\/blogdoedvaldomagalhaes.com.br\/index.php\/wp-json\/wp\/v2\/media\/62288"}],"wp:attachment":[{"href":"https:\/\/blogdoedvaldomagalhaes.com.br\/index.php\/wp-json\/wp\/v2\/media?parent=62287"}],"wp:term":[{"taxonomy":"category","embeddable":true,"href":"https:\/\/blogdoedvaldomagalhaes.com.br\/index.php\/wp-json\/wp\/v2\/categories?post=62287"},{"taxonomy":"post_tag","embeddable":true,"href":"https:\/\/blogdoedvaldomagalhaes.com.br\/index.php\/wp-json\/wp\/v2\/tags?post=62287"}],"curies":[{"name":"wp","href":"https:\/\/api.w.org\/{rel}","templated":true}]}}