{"id":62283,"date":"2020-10-07T18:38:09","date_gmt":"2020-10-07T21:38:09","guid":{"rendered":"https:\/\/blogdoedvaldomagalhaes.com.br\/?p=62283"},"modified":"2020-10-07T20:36:30","modified_gmt":"2020-10-07T23:36:30","slug":"liberados-em-recife-e-caruaru-eventos-com-ate-300-pessoas-ou-50-da-capacidade-e-atividades-esportivas","status":"publish","type":"post","link":"https:\/\/blogdoedvaldomagalhaes.com.br\/index.php\/2020\/10\/07\/liberados-em-recife-e-caruaru-eventos-com-ate-300-pessoas-ou-50-da-capacidade-e-atividades-esportivas\/","title":{"rendered":"Liberados em Recife e Caruaru eventos com at\u00e9 300 pessoas ou 50% da capacidade e atividades esportivas"},"content":{"rendered":"<p style=\"text-align: justify;\">O Governo de Pernambuco, ap\u00f3s an\u00e1lise do Gabinete de Enfrentamento ao Novo Coronav\u00edrus, autorizou o avan\u00e7o de cinco Ger\u00eancias Regionais de Sa\u00fade (Geres) para a Etapa 10 do Plano de Conviv\u00eancia com a Covid-19. A partir da pr\u00f3xima segunda-feira (12.10), feriado de Nossa Senhora Aparecida, a Regi\u00e3o Metropolitana do Recife, as Matas Norte e Sul e parte do Agreste &#8211; na regional com sede em Caruaru &#8211; poder\u00e3o reabrir parques de divers\u00f5es, al\u00e9m de aumentar a capacidade de p\u00fablico de cinemas e teatros. O an\u00fancio vale para as Geres I, II, III, IV e XII e foi feito em coletiva de imprensa online transmitida pelo YouTube. Na sexta-feira (9), estar\u00e3o liberadas atividades em clubes sociais e o futebol society e afins para todo o Estado.<\/p>\n<p style=\"text-align: justify;\">A Etapa 10 do Plano de Conviv\u00eancia marca, ainda, a realiza\u00e7\u00e3o de eventos corporativos, culturais e sociais para at\u00e9 300 pessoas ou 50% da capacidade do espa\u00e7o (o que for menor). Os eventos s\u00f3 podem ocorrer dentro de um limite de hor\u00e1rio, que vai das 6h at\u00e9 a meia-noite.<\/p>\n<p style=\"text-align: justify;\">Os parques de divers\u00f5es, tem\u00e1ticos e similares poder\u00e3o voltar com 50% da capacidade de p\u00fablico, distanciamento social de um metro e meio nas \u00e1reas comuns e de um metro entre as pessoas dentro dos brinquedos. Al\u00e9m disso, ser\u00e1 obrigat\u00f3ria a higieniza\u00e7\u00e3o de todos os equipamentos ap\u00f3s a utiliza\u00e7\u00e3o.<\/p>\n<p style=\"text-align: justify;\">Os cinemas e os teatros tamb\u00e9m poder\u00e3o ampliar a capacidade de lota\u00e7\u00e3o para 50%. A partir da pr\u00f3xima semana, tamb\u00e9m estar\u00e3o autorizados a venda e o consumo de alimentos e bebidas, como pipocas e refrigerantes, dentro das salas de exibi\u00e7\u00e3o nas cinco Geres que avan\u00e7ar\u00e3o para a Etapa 10. \u201cObedecer aos protocolos \u00e9 o que tem permitido fazer avan\u00e7os no Estado sem que os n\u00fameros voltem a crescer\u201d, disse Bruno Schwambach, secret\u00e1rio de Desenvolvimento Econ\u00f4mico de Pernambuco.<\/p>\n<p style=\"text-align: justify;\"><b>AVAN\u00c7OS NO INTERIOR &#8211;\u00a0<\/b>Tamb\u00e9m a partir da pr\u00f3xima segunda-feira, as Geres IX e X, encabe\u00e7adas pelas cidades-polo Ouricuri e Afogados da Ingazeira, no Sert\u00e3o do Estado, avan\u00e7am para a Etapa 9. Ao todo, 23 munic\u00edpios poder\u00e3o ampliar os hor\u00e1rios de funcionamento dos servi\u00e7os de alimenta\u00e7\u00e3o, como restaurantes, lanchonetes, caf\u00e9s, bares e similares, que ter\u00e3o carga hor\u00e1ria de funcionamento estendida em mais duas horas e passar\u00e3o a operar das 6h at\u00e9 a meia-noite. A capacidade de lota\u00e7\u00e3o tamb\u00e9m ser\u00e1 ampliada de 50% para 70%.<\/p>\n<p style=\"text-align: justify;\">Essas cidades tamb\u00e9m poder\u00e3o reabrir cinemas e teatros sob novos protocolos, j\u00e1 com a autoriza\u00e7\u00e3o de venda e consumo de alimentos, al\u00e9m de realizar eventos culturais e sociais para at\u00e9 100 pessoas ou preenchendo 30% da capacidade dos espa\u00e7os (o que for menor). A realiza\u00e7\u00e3o de eventos corporativos j\u00e1 estava autorizada para todo o Estado.<\/p>\n<p style=\"text-align: justify;\"><b>COM\u00c9RCIO DE RUA &#8211;\u00a0<\/b>Em di\u00e1logo cont\u00ednuo com os setores produtivos, foram promovidas novas altera\u00e7\u00f5es para o com\u00e9rcio de rua, que est\u00e1 autorizado a funcionar desde meados de junho deste ano, sob novos protocolos de distanciamento social, higiene e monitoramento e comunica\u00e7\u00e3o.<\/p>\n<p style=\"text-align: justify;\">Os varejistas de todo o Estado poder\u00e3o, tamb\u00e9m a partir da pr\u00f3xima segunda-feira (12), manter seus estabelecimentos abertos at\u00e9 a meia-noite. Al\u00e9m disso, os estabelecimentos comerciais poder\u00e3o aumentar a capacidade de atendimento. Agora, as lojas poder\u00e3o receber um cliente para cada cinco metros quadrados de \u00e1rea.<\/p>\n<p style=\"text-align: justify;\">Foto ilustrativa: Divulga\u00e7\u00e3o\/Reprodu\u00e7\u00e3o\/Instagram.<\/p>\n","protected":false},"excerpt":{"rendered":"<p>O Governo de Pernambuco, ap\u00f3s an\u00e1lise do Gabinete de Enfrentamento ao Novo Coronav\u00edrus, autorizou o avan\u00e7o de cinco Ger\u00eancias Regionais&hellip;<\/p>\n","protected":false},"author":1,"featured_media":62285,"comment_status":"open","ping_status":"open","sticky":false,"template":"","format":"standard","meta":{"footnotes":""},"categories":[14120],"tags":[2,19532,19771],"class_list":["post-62283","post","type-post","status-publish","format-standard","has-post-thumbnail","hentry","category-noticias","tag-blog-do-edvaldo-magalhaes","tag-blog-mais-acessado-e-visualizado-de-caruaru-e-regiao","tag-liberados-em-recife-e-caruaru-eventos-com-ate-300-pessoas-ou-50-da-capacidade-e-atividades-esportivas"],"_links":{"self":[{"href":"https:\/\/blogdoedvaldomagalhaes.com.br\/index.php\/wp-json\/wp\/v2\/posts\/62283","targetHints":{"allow":["GET"]}}],"collection":[{"href":"https:\/\/blogdoedvaldomagalhaes.com.br\/index.php\/wp-json\/wp\/v2\/posts"}],"about":[{"href":"https:\/\/blogdoedvaldomagalhaes.com.br\/index.php\/wp-json\/wp\/v2\/types\/post"}],"author":[{"embeddable":true,"href":"https:\/\/blogdoedvaldomagalhaes.com.br\/index.php\/wp-json\/wp\/v2\/users\/1"}],"replies":[{"embeddable":true,"href":"https:\/\/blogdoedvaldomagalhaes.com.br\/index.php\/wp-json\/wp\/v2\/comments?post=62283"}],"version-history":[{"count":3,"href":"https:\/\/blogdoedvaldomagalhaes.com.br\/index.php\/wp-json\/wp\/v2\/posts\/62283\/revisions"}],"predecessor-version":[{"id":62293,"href":"https:\/\/blogdoedvaldomagalhaes.com.br\/index.php\/wp-json\/wp\/v2\/posts\/62283\/revisions\/62293"}],"wp:featuredmedia":[{"embeddable":true,"href":"https:\/\/blogdoedvaldomagalhaes.com.br\/index.php\/wp-json\/wp\/v2\/media\/62285"}],"wp:attachment":[{"href":"https:\/\/blogdoedvaldomagalhaes.com.br\/index.php\/wp-json\/wp\/v2\/media?parent=62283"}],"wp:term":[{"taxonomy":"category","embeddable":true,"href":"https:\/\/blogdoedvaldomagalhaes.com.br\/index.php\/wp-json\/wp\/v2\/categories?post=62283"},{"taxonomy":"post_tag","embeddable":true,"href":"https:\/\/blogdoedvaldomagalhaes.com.br\/index.php\/wp-json\/wp\/v2\/tags?post=62283"}],"curies":[{"name":"wp","href":"https:\/\/api.w.org\/{rel}","templated":true}]}}