{"id":62279,"date":"2020-10-07T17:45:46","date_gmt":"2020-10-07T20:45:46","guid":{"rendered":"https:\/\/blogdoedvaldomagalhaes.com.br\/?p=62279"},"modified":"2020-10-07T17:45:48","modified_gmt":"2020-10-07T20:45:48","slug":"raquel-lyra-faz-live-especial-sobre-a-educacao-em-caruaru","status":"publish","type":"post","link":"https:\/\/blogdoedvaldomagalhaes.com.br\/index.php\/2020\/10\/07\/raquel-lyra-faz-live-especial-sobre-a-educacao-em-caruaru\/","title":{"rendered":"Raquel Lyra faz live especial sobre a Educa\u00e7\u00e3o em Caruaru"},"content":{"rendered":"<p style=\"text-align: justify;\"><span style=\"font-size: inherit;\">Transformar Caruaru pela Educa\u00e7\u00e3o continua sendo umas das maiores premissas da candidata \u00e0 reelei\u00e7\u00e3o em Caruaru, Raquel Lyra (PSDB). O tema n\u00e3o poderia ser outro na primeira live especial durante a campanha. Encerrando a agenda dessa ter\u00e7a-feira (7), a candidata interagiu de forma on-line atrav\u00e9s de suas redes sociais.<\/span><\/p>\n<p style=\"text-align: justify;\">O p\u00fablico participou atrav\u00e9s de coment\u00e1rios no Instagram, Facebook, YouTube e por mensagens via WhatsApp. Temas como requalifica\u00e7\u00e3o de escolas e creches, inclus\u00e3o, e capacita\u00e7\u00e3o de professores estiveram em pauta. \u201cA ideia \u00e9 implantar um Centro de Forma\u00e7\u00e3o de Professores de maneira integrada, que ser\u00e1 de forma cont\u00ednua. Todas as capacita\u00e7\u00f5es acontecer\u00e3o num tempo s\u00f3, e tamb\u00e9m de forma remota\u201d, pontuou a candidata.<\/p>\n<p style=\"text-align: justify;\">Raquel tamb\u00e9m destacou a import\u00e2ncia da integra\u00e7\u00e3o entre as secretarias de Educa\u00e7\u00e3o e da Sa\u00fade, com o programa \u201cAprender com Sa\u00fade\u201d. \u201cO programa colocou a Sa\u00fade dentro da escola do nosso munic\u00edpio. Quando a gente foi reformando as escolas, a gente foi colocando os escov\u00f3dromos, para ensinar as nossas crian\u00e7as a cuidar do seu sorriso. Colocamos os dentistas dentro da escola e, quando necess\u00e1rio, o odontom\u00f3vel. E o atendimento de oftalmologia, com distribui\u00e7\u00e3o de \u00f3culos tamb\u00e9m\u201d, disse.<\/p>\n<p style=\"text-align: justify;\">Intera\u00e7\u00e3o nas redes<br \/>Raquel Lyra est\u00e1 em constante di\u00e1logo com a popula\u00e7\u00e3o. \u00c9 poss\u00edvel entrar em contato com ela atrav\u00e9s do WhatsApp (81) 99150-4554, e acessar as novidades no canal no Telegram: https:\/\/t.me\/RaquelLyra, no Instagram, Facebook e Twitter.<\/p>\n\n\n<figure class=\"wp-block-image size-large\"><img loading=\"lazy\" decoding=\"async\" width=\"1024\" height=\"682\" src=\"https:\/\/blogdoedvaldomagalhaes.com.br\/wp-content\/uploads\/2020\/10\/IMG-20201007-WA0008-1024x682.jpg\" alt=\"\" class=\"wp-image-62281\" srcset=\"https:\/\/blogdoedvaldomagalhaes.com.br\/wp-content\/uploads\/2020\/10\/IMG-20201007-WA0008-1024x682.jpg 1024w, https:\/\/blogdoedvaldomagalhaes.com.br\/wp-content\/uploads\/2020\/10\/IMG-20201007-WA0008-300x200.jpg 300w, https:\/\/blogdoedvaldomagalhaes.com.br\/wp-content\/uploads\/2020\/10\/IMG-20201007-WA0008-768x512.jpg 768w, https:\/\/blogdoedvaldomagalhaes.com.br\/wp-content\/uploads\/2020\/10\/IMG-20201007-WA0008.jpg 1280w\" sizes=\"auto, (max-width: 1024px) 100vw, 1024px\" \/><figcaption>Cr\u00e9ditos: Jana\u00edna Pepeu<\/figcaption><\/figure>\n","protected":false},"excerpt":{"rendered":"<p>Transformar Caruaru pela Educa\u00e7\u00e3o continua sendo umas das maiores premissas da candidata \u00e0 reelei\u00e7\u00e3o em Caruaru, Raquel Lyra (PSDB). O&hellip;<\/p>\n","protected":false},"author":1,"featured_media":62280,"comment_status":"open","ping_status":"open","sticky":false,"template":"","format":"standard","meta":{"footnotes":""},"categories":[14122],"tags":[2,19532,1950,20,19770],"class_list":["post-62279","post","type-post","status-publish","format-standard","has-post-thumbnail","hentry","category-politica","tag-blog-do-edvaldo-magalhaes","tag-blog-mais-acessado-e-visualizado-de-caruaru-e-regiao","tag-noticias-de-caruaru","tag-politica","tag-raquel-lyra-faz-live-especial-sobre-a-educacao-em-caruaru"],"_links":{"self":[{"href":"https:\/\/blogdoedvaldomagalhaes.com.br\/index.php\/wp-json\/wp\/v2\/posts\/62279","targetHints":{"allow":["GET"]}}],"collection":[{"href":"https:\/\/blogdoedvaldomagalhaes.com.br\/index.php\/wp-json\/wp\/v2\/posts"}],"about":[{"href":"https:\/\/blogdoedvaldomagalhaes.com.br\/index.php\/wp-json\/wp\/v2\/types\/post"}],"author":[{"embeddable":true,"href":"https:\/\/blogdoedvaldomagalhaes.com.br\/index.php\/wp-json\/wp\/v2\/users\/1"}],"replies":[{"embeddable":true,"href":"https:\/\/blogdoedvaldomagalhaes.com.br\/index.php\/wp-json\/wp\/v2\/comments?post=62279"}],"version-history":[{"count":1,"href":"https:\/\/blogdoedvaldomagalhaes.com.br\/index.php\/wp-json\/wp\/v2\/posts\/62279\/revisions"}],"predecessor-version":[{"id":62282,"href":"https:\/\/blogdoedvaldomagalhaes.com.br\/index.php\/wp-json\/wp\/v2\/posts\/62279\/revisions\/62282"}],"wp:featuredmedia":[{"embeddable":true,"href":"https:\/\/blogdoedvaldomagalhaes.com.br\/index.php\/wp-json\/wp\/v2\/media\/62280"}],"wp:attachment":[{"href":"https:\/\/blogdoedvaldomagalhaes.com.br\/index.php\/wp-json\/wp\/v2\/media?parent=62279"}],"wp:term":[{"taxonomy":"category","embeddable":true,"href":"https:\/\/blogdoedvaldomagalhaes.com.br\/index.php\/wp-json\/wp\/v2\/categories?post=62279"},{"taxonomy":"post_tag","embeddable":true,"href":"https:\/\/blogdoedvaldomagalhaes.com.br\/index.php\/wp-json\/wp\/v2\/tags?post=62279"}],"curies":[{"name":"wp","href":"https:\/\/api.w.org\/{rel}","templated":true}]}}