{"id":62275,"date":"2020-10-07T17:11:37","date_gmt":"2020-10-07T20:11:37","guid":{"rendered":"https:\/\/blogdoedvaldomagalhaes.com.br\/?p=62275"},"modified":"2020-10-07T17:18:08","modified_gmt":"2020-10-07T20:18:08","slug":"marcelo-gomes-reforca-respeito-aos-direitos-lgbtqia","status":"publish","type":"post","link":"https:\/\/blogdoedvaldomagalhaes.com.br\/index.php\/2020\/10\/07\/marcelo-gomes-reforca-respeito-aos-direitos-lgbtqia\/","title":{"rendered":"Marcelo Gomes refor\u00e7a respeito aos direitos LGBTQIA+"},"content":{"rendered":"<p style=\"text-align: justify;\"><span style=\"font-size: inherit;\">O Brasil \u00e9 um dos pa\u00edses que mais possuem n\u00fameros de casos de viol\u00eancia com tra\u00e7os de homofobia e transfobia. Praticamente todos os dias, recebemos not\u00edcias de pessoas LGBTQIA+ que sofreram alguma repres\u00e1lia ou amea\u00e7a, seja na internet ou no mundo real. O candidato a prefeito, Marcelo Gomes (PSB), junto com a candidata a vice, Ailza Trajano (PC do B), assinou, na noite dessa ter\u00e7a-feira (06) carta de compromisso com o Coletivo Luta e Cores. O documento traz algumas solicita\u00e7\u00f5es, nos \u00e2mbitos educacional, sa\u00fade, assist\u00eancia social, emprego, renda, cultura e gest\u00e3o p\u00fablica, que visa atender essa parcela da popula\u00e7\u00e3o de Caruaru.<\/span><\/p>\n<p style=\"text-align: justify;\">Antes da assinatura, aconteceu durante di\u00e1logo entre Marcelo, Ailza e representantes do Movimento. Para o candidato, essa \u00e9 uma pauta de direitos humanos, luta importante, a qual ele vem discutindo desde o seu primeiro mandato como vereador. \u201c\u00c9 importante garantir espa\u00e7os e oportunidades, afinal, uma cidade mais justa depende disso, de estar aberto a conversar e discutir os melhores projetos para a popula\u00e7\u00e3o caruaruense\u201d, destaca.<\/p>\n<p style=\"text-align: justify;\">Segundo J\u00falio C\u00e9sar, participante do Coletivo, \u00e9 muito importante contar com uma representa\u00e7\u00e3o de algu\u00e9m que ap\u00f3ia efetivamente essa causa no governo municipal. \u201cA gente carece de uma participa\u00e7\u00e3o maior de representa\u00e7\u00f5es e de sermos atendidos como merecemos, garantindo os nossos direitos previstos em leis\u201d, explica.<\/p>\n\n\n<figure class=\"wp-block-image size-large\"><img loading=\"lazy\" decoding=\"async\" width=\"1024\" height=\"682\" src=\"https:\/\/blogdoedvaldomagalhaes.com.br\/wp-content\/uploads\/2020\/10\/IMG-20201007-WA0101-1024x682.jpg\" alt=\"\" class=\"wp-image-62276\" srcset=\"https:\/\/blogdoedvaldomagalhaes.com.br\/wp-content\/uploads\/2020\/10\/IMG-20201007-WA0101-1024x682.jpg 1024w, https:\/\/blogdoedvaldomagalhaes.com.br\/wp-content\/uploads\/2020\/10\/IMG-20201007-WA0101-300x200.jpg 300w, https:\/\/blogdoedvaldomagalhaes.com.br\/wp-content\/uploads\/2020\/10\/IMG-20201007-WA0101-768x512.jpg 768w, https:\/\/blogdoedvaldomagalhaes.com.br\/wp-content\/uploads\/2020\/10\/IMG-20201007-WA0101.jpg 1280w\" sizes=\"auto, (max-width: 1024px) 100vw, 1024px\" \/><figcaption>Fotos: Miva Filho<\/figcaption><\/figure>\n","protected":false},"excerpt":{"rendered":"<p>O Brasil \u00e9 um dos pa\u00edses que mais possuem n\u00fameros de casos de viol\u00eancia com tra\u00e7os de homofobia e transfobia.&hellip;<\/p>\n","protected":false},"author":1,"featured_media":62278,"comment_status":"open","ping_status":"open","sticky":false,"template":"","format":"standard","meta":{"footnotes":""},"categories":[14122],"tags":[2,19532,19769,1950,20],"class_list":["post-62275","post","type-post","status-publish","format-standard","has-post-thumbnail","hentry","category-politica","tag-blog-do-edvaldo-magalhaes","tag-blog-mais-acessado-e-visualizado-de-caruaru-e-regiao","tag-marcelo-gomes-reforca-respeito-aos-direitos-lgbtqia","tag-noticias-de-caruaru","tag-politica"],"_links":{"self":[{"href":"https:\/\/blogdoedvaldomagalhaes.com.br\/index.php\/wp-json\/wp\/v2\/posts\/62275","targetHints":{"allow":["GET"]}}],"collection":[{"href":"https:\/\/blogdoedvaldomagalhaes.com.br\/index.php\/wp-json\/wp\/v2\/posts"}],"about":[{"href":"https:\/\/blogdoedvaldomagalhaes.com.br\/index.php\/wp-json\/wp\/v2\/types\/post"}],"author":[{"embeddable":true,"href":"https:\/\/blogdoedvaldomagalhaes.com.br\/index.php\/wp-json\/wp\/v2\/users\/1"}],"replies":[{"embeddable":true,"href":"https:\/\/blogdoedvaldomagalhaes.com.br\/index.php\/wp-json\/wp\/v2\/comments?post=62275"}],"version-history":[{"count":1,"href":"https:\/\/blogdoedvaldomagalhaes.com.br\/index.php\/wp-json\/wp\/v2\/posts\/62275\/revisions"}],"predecessor-version":[{"id":62277,"href":"https:\/\/blogdoedvaldomagalhaes.com.br\/index.php\/wp-json\/wp\/v2\/posts\/62275\/revisions\/62277"}],"wp:featuredmedia":[{"embeddable":true,"href":"https:\/\/blogdoedvaldomagalhaes.com.br\/index.php\/wp-json\/wp\/v2\/media\/62278"}],"wp:attachment":[{"href":"https:\/\/blogdoedvaldomagalhaes.com.br\/index.php\/wp-json\/wp\/v2\/media?parent=62275"}],"wp:term":[{"taxonomy":"category","embeddable":true,"href":"https:\/\/blogdoedvaldomagalhaes.com.br\/index.php\/wp-json\/wp\/v2\/categories?post=62275"},{"taxonomy":"post_tag","embeddable":true,"href":"https:\/\/blogdoedvaldomagalhaes.com.br\/index.php\/wp-json\/wp\/v2\/tags?post=62275"}],"curies":[{"name":"wp","href":"https:\/\/api.w.org\/{rel}","templated":true}]}}