{"id":62238,"date":"2020-10-06T22:05:18","date_gmt":"2020-10-07T01:05:18","guid":{"rendered":"https:\/\/blogdoedvaldomagalhaes.com.br\/?p=62238"},"modified":"2020-10-06T22:05:19","modified_gmt":"2020-10-07T01:05:19","slug":"central-empata-com-o-abc-em-natal-pela-serie-d","status":"publish","type":"post","link":"https:\/\/blogdoedvaldomagalhaes.com.br\/index.php\/2020\/10\/06\/central-empata-com-o-abc-em-natal-pela-serie-d\/","title":{"rendered":"Central empata com o ABC em Natal pela S\u00e9rie D"},"content":{"rendered":"<p style=\"text-align: justify;\">O Central continua sem vencer no Campeonato Brasileiro da S\u00e9rie D 2020, empatando com o ABC por 0 a 0, no Est\u00e1dio Frasqueir\u00e3o, em Natal, nesta ter\u00e7a-feira (07). O time caruaruense jogou bem, criou boas oportunidades de gols, mas n\u00e3o conseguiu passar pelo goleiro potiguar.<\/p>\n\n\n<figure class=\"wp-block-image size-large\"><img loading=\"lazy\" decoding=\"async\" width=\"1024\" height=\"768\" src=\"https:\/\/blogdoedvaldomagalhaes.com.br\/wp-content\/uploads\/2020\/10\/IMG-20201006-WA0201-1024x768.jpg\" alt=\"\" class=\"wp-image-62240\" srcset=\"https:\/\/blogdoedvaldomagalhaes.com.br\/wp-content\/uploads\/2020\/10\/IMG-20201006-WA0201-1024x768.jpg 1024w, https:\/\/blogdoedvaldomagalhaes.com.br\/wp-content\/uploads\/2020\/10\/IMG-20201006-WA0201-300x225.jpg 300w, https:\/\/blogdoedvaldomagalhaes.com.br\/wp-content\/uploads\/2020\/10\/IMG-20201006-WA0201-768x576.jpg 768w, https:\/\/blogdoedvaldomagalhaes.com.br\/wp-content\/uploads\/2020\/10\/IMG-20201006-WA0201-160x120.jpg 160w, https:\/\/blogdoedvaldomagalhaes.com.br\/wp-content\/uploads\/2020\/10\/IMG-20201006-WA0201.jpg 1280w\" sizes=\"auto, (max-width: 1024px) 100vw, 1024px\" \/><figcaption>Fotos: Carlos Recupero\/Central SC<\/figcaption><\/figure>\n","protected":false},"excerpt":{"rendered":"<p>O Central continua sem vencer no Campeonato Brasileiro da S\u00e9rie D 2020, empatando com o ABC por 0 a 0,&hellip;<\/p>\n","protected":false},"author":1,"featured_media":62239,"comment_status":"open","ping_status":"open","sticky":false,"template":"","format":"standard","meta":{"footnotes":""},"categories":[14124],"tags":[2,19532,19762],"class_list":["post-62238","post","type-post","status-publish","format-standard","has-post-thumbnail","hentry","category-centralsc","tag-blog-do-edvaldo-magalhaes","tag-blog-mais-acessado-e-visualizado-de-caruaru-e-regiao","tag-central-empata-com-o-abc-em-natal-pela-serie-d"],"_links":{"self":[{"href":"https:\/\/blogdoedvaldomagalhaes.com.br\/index.php\/wp-json\/wp\/v2\/posts\/62238","targetHints":{"allow":["GET"]}}],"collection":[{"href":"https:\/\/blogdoedvaldomagalhaes.com.br\/index.php\/wp-json\/wp\/v2\/posts"}],"about":[{"href":"https:\/\/blogdoedvaldomagalhaes.com.br\/index.php\/wp-json\/wp\/v2\/types\/post"}],"author":[{"embeddable":true,"href":"https:\/\/blogdoedvaldomagalhaes.com.br\/index.php\/wp-json\/wp\/v2\/users\/1"}],"replies":[{"embeddable":true,"href":"https:\/\/blogdoedvaldomagalhaes.com.br\/index.php\/wp-json\/wp\/v2\/comments?post=62238"}],"version-history":[{"count":1,"href":"https:\/\/blogdoedvaldomagalhaes.com.br\/index.php\/wp-json\/wp\/v2\/posts\/62238\/revisions"}],"predecessor-version":[{"id":62241,"href":"https:\/\/blogdoedvaldomagalhaes.com.br\/index.php\/wp-json\/wp\/v2\/posts\/62238\/revisions\/62241"}],"wp:featuredmedia":[{"embeddable":true,"href":"https:\/\/blogdoedvaldomagalhaes.com.br\/index.php\/wp-json\/wp\/v2\/media\/62239"}],"wp:attachment":[{"href":"https:\/\/blogdoedvaldomagalhaes.com.br\/index.php\/wp-json\/wp\/v2\/media?parent=62238"}],"wp:term":[{"taxonomy":"category","embeddable":true,"href":"https:\/\/blogdoedvaldomagalhaes.com.br\/index.php\/wp-json\/wp\/v2\/categories?post=62238"},{"taxonomy":"post_tag","embeddable":true,"href":"https:\/\/blogdoedvaldomagalhaes.com.br\/index.php\/wp-json\/wp\/v2\/tags?post=62238"}],"curies":[{"name":"wp","href":"https:\/\/api.w.org\/{rel}","templated":true}]}}