{"id":62235,"date":"2020-10-06T21:56:57","date_gmt":"2020-10-07T00:56:57","guid":{"rendered":"https:\/\/blogdoedvaldomagalhaes.com.br\/?p=62235"},"modified":"2020-10-06T21:56:58","modified_gmt":"2020-10-07T00:56:58","slug":"governo-pe-vai-recorrer-da-decisao-da-determinacao-de-suspensao-das-aulas","status":"publish","type":"post","link":"https:\/\/blogdoedvaldomagalhaes.com.br\/index.php\/2020\/10\/06\/governo-pe-vai-recorrer-da-decisao-da-determinacao-de-suspensao-das-aulas\/","title":{"rendered":"Governo-PE vai recorrer da decis\u00e3o da determina\u00e7\u00e3o de suspens\u00e3o das aulas"},"content":{"rendered":"<p style=\"text-align: justify;\">O Governo de Pernambuco informa que, por meio da Procuradoria-Geral do Estado, vai recorrer da decis\u00e3o que suspendeu a retomada gradual das aulas presenciais na Rede Estadual de ensino. H\u00e1 cerca de quatro meses, o Governo Estadual vem colocando em pr\u00e1tica o Plano de Conviv\u00eancia com a Covid-19. S\u00e3o mais de 120 dias de uma retomada gradual e respons\u00e1vel das atividades econ\u00f4micas e sociais sem que ocorra aumento do n\u00famero de casos e de mortes provocadas pela doen\u00e7a.<\/p>\n<p style=\"text-align: justify;\">No setor da Educa\u00e7\u00e3o, os cuidados est\u00e3o sendo anda mais rigorosos, em todos os aspectos. Apenas os estudantes do Ensino M\u00e9dio (jovens e adolescentes) est\u00e3o inclu\u00eddos na primeira etapa da retomada das aulas presenciais, e a volta \u00e0s escolas permanece como uma op\u00e7\u00e3o. O ensino remoto continua dispon\u00edvel para aqueles estudantes cujos pais decidam por sua perman\u00eancia em casa. Foram investidos R$ 5 milh\u00f5es na adapta\u00e7\u00e3o das escolas de Pernambuco, em termos de protocolo de seguran\u00e7a sanit\u00e1ria. Tamb\u00e9m foram realizadas diversas reuni\u00f5es com professores, Minist\u00e9rio P\u00fablico, Poder Judici\u00e1rio e Tribunal de Contas, al\u00e9m de especialistas em Infectologia, Sa\u00fade P\u00fablica e outras institui\u00e7\u00f5es para estabelecer os crit\u00e9rios de retomada das aulas presenciais.<br \/>\nVale ressaltar que, nesta primeira semana de outubro, os n\u00fameros da Covid-19 no Estado s\u00e3o os mais baixos registrados desde a primeira quinzena de abril.<\/p>\n<p style=\"text-align: justify;\">Mesmo antes da pandemia, escolas s\u00e3o os equipamentos p\u00fablicos mais fiscalizados que existem. Pais, professores, funcion\u00e1rios e os pr\u00f3prios alunos desempenham essa fun\u00e7\u00e3o cotidianamente, e os \u00f3rg\u00e3os de controle est\u00e3o prontos para averiguar todas as den\u00fancias. O Governo de Pernambuco, por fim, informa que seguir\u00e1 com o objetivo de garantir a retomada gradual do ensino presencial no Estado.<\/p>\n","protected":false},"excerpt":{"rendered":"<p>O Governo de Pernambuco informa que, por meio da Procuradoria-Geral do Estado, vai recorrer da decis\u00e3o que suspendeu a retomada&hellip;<\/p>\n","protected":false},"author":1,"featured_media":62236,"comment_status":"open","ping_status":"open","sticky":false,"template":"","format":"standard","meta":{"footnotes":""},"categories":[14120],"tags":[2,19418,19761],"class_list":["post-62235","post","type-post","status-publish","format-standard","has-post-thumbnail","hentry","category-noticias","tag-blog-do-edvaldo-magalhaes","tag-blog-mais-acessado-de-caruaru-e-regiao","tag-governo-pe-vai-recorrer-da-decisao-da-determinacao-de-suspensao-das-aulas"],"_links":{"self":[{"href":"https:\/\/blogdoedvaldomagalhaes.com.br\/index.php\/wp-json\/wp\/v2\/posts\/62235","targetHints":{"allow":["GET"]}}],"collection":[{"href":"https:\/\/blogdoedvaldomagalhaes.com.br\/index.php\/wp-json\/wp\/v2\/posts"}],"about":[{"href":"https:\/\/blogdoedvaldomagalhaes.com.br\/index.php\/wp-json\/wp\/v2\/types\/post"}],"author":[{"embeddable":true,"href":"https:\/\/blogdoedvaldomagalhaes.com.br\/index.php\/wp-json\/wp\/v2\/users\/1"}],"replies":[{"embeddable":true,"href":"https:\/\/blogdoedvaldomagalhaes.com.br\/index.php\/wp-json\/wp\/v2\/comments?post=62235"}],"version-history":[{"count":1,"href":"https:\/\/blogdoedvaldomagalhaes.com.br\/index.php\/wp-json\/wp\/v2\/posts\/62235\/revisions"}],"predecessor-version":[{"id":62237,"href":"https:\/\/blogdoedvaldomagalhaes.com.br\/index.php\/wp-json\/wp\/v2\/posts\/62235\/revisions\/62237"}],"wp:featuredmedia":[{"embeddable":true,"href":"https:\/\/blogdoedvaldomagalhaes.com.br\/index.php\/wp-json\/wp\/v2\/media\/62236"}],"wp:attachment":[{"href":"https:\/\/blogdoedvaldomagalhaes.com.br\/index.php\/wp-json\/wp\/v2\/media?parent=62235"}],"wp:term":[{"taxonomy":"category","embeddable":true,"href":"https:\/\/blogdoedvaldomagalhaes.com.br\/index.php\/wp-json\/wp\/v2\/categories?post=62235"},{"taxonomy":"post_tag","embeddable":true,"href":"https:\/\/blogdoedvaldomagalhaes.com.br\/index.php\/wp-json\/wp\/v2\/tags?post=62235"}],"curies":[{"name":"wp","href":"https:\/\/api.w.org\/{rel}","templated":true}]}}