{"id":62232,"date":"2020-10-06T19:58:43","date_gmt":"2020-10-06T22:58:43","guid":{"rendered":"https:\/\/blogdoedvaldomagalhaes.com.br\/?p=62232"},"modified":"2020-10-06T19:58:44","modified_gmt":"2020-10-06T22:58:44","slug":"lessa-reforca-projeto-das-subprefeituras-e-mostra-solucoes-para-a-sulanca-durante-entrevista","status":"publish","type":"post","link":"https:\/\/blogdoedvaldomagalhaes.com.br\/index.php\/2020\/10\/06\/lessa-reforca-projeto-das-subprefeituras-e-mostra-solucoes-para-a-sulanca-durante-entrevista\/","title":{"rendered":"Lessa refor\u00e7a projeto das subprefeituras e mostra solu\u00e7\u00f5es para a Sulanca durante entrevista"},"content":{"rendered":"<p style=\"text-align: justify;\">O candidato a prefeito Delegado Lessa (Progressistas) foi entrevistado pelos jornalistas M\u00e1rio Fl\u00e1vio e Renata Torres, nesta ter\u00e7a-feira (06) na r\u00e1dio em Cidade. A efici\u00eancia e moderniza\u00e7\u00e3o da gest\u00e3o p\u00fablica a partir do pr\u00f3ximo ano foram os temas principais abordados durante a sabatina.<\/p>\n<p style=\"text-align: justify;\">O Delegado Lessa reafirmou a viabilidade de implementar o projeto de cria\u00e7\u00e3o das subprefeituras na periferia de Caruaru, nos bairros Rendeiras, Salgado, Vila Kennedy e Nova Caruaru. \u201cA gest\u00e3o deve estar perto das pessoas. N\u00e3o d\u00e1 para tomar decis\u00f5es apenas dentro dos gabinetes\u201d, ressaltou, lembrando que o projeto j\u00e1 foi apresentado por ele no pleito de 2016. Lessa tamb\u00e9m mencionou o projeto \u2018Prefeitura Presente\u2019, que pretende estabelecer uma agenda semanal em bairros da cidade.<\/p>\n<p style=\"text-align: justify;\">Perguntado sobre a Feira da Sulanca, o candidato foi claro, detalhando as propostas que constam em seu plano de governo. Lessa afirmou que \u00e9 necess\u00e1rio, inicialmente, adotar medidas para cuidar da Feira no Parque 18 de Maio, para, em seguida, buscar os caminhos para a mudan\u00e7a. \u201cA Sulanca \u00e9 uma matriz econ\u00f4mica do estado, \u00e9 preciso que v\u00e1rios atores da sociedade se unam, capitaneados pelo poder p\u00fablico municipal, para apresentar solu\u00e7\u00f5es conectadas aos anseios dos feirantes\u201d, explanou.<\/p>\n<p style=\"text-align: justify;\">Foto: Viliane Gomes.<\/p>\n","protected":false},"excerpt":{"rendered":"<p>O candidato a prefeito Delegado Lessa (Progressistas) foi entrevistado pelos jornalistas M\u00e1rio Fl\u00e1vio e Renata Torres, nesta ter\u00e7a-feira (06) na&hellip;<\/p>\n","protected":false},"author":1,"featured_media":62233,"comment_status":"open","ping_status":"open","sticky":false,"template":"","format":"standard","meta":{"footnotes":""},"categories":[14122],"tags":[2,19418,9402,19760,2824],"class_list":["post-62232","post","type-post","status-publish","format-standard","has-post-thumbnail","hentry","category-politica","tag-blog-do-edvaldo-magalhaes","tag-blog-mais-acessado-de-caruaru-e-regiao","tag-erick-lessa","tag-lessa-reforca-projeto-das-subprefeituras-e-mostra-solucoes-para-a-sulanca-durante-entrevista","tag-manoel-santos"],"_links":{"self":[{"href":"https:\/\/blogdoedvaldomagalhaes.com.br\/index.php\/wp-json\/wp\/v2\/posts\/62232","targetHints":{"allow":["GET"]}}],"collection":[{"href":"https:\/\/blogdoedvaldomagalhaes.com.br\/index.php\/wp-json\/wp\/v2\/posts"}],"about":[{"href":"https:\/\/blogdoedvaldomagalhaes.com.br\/index.php\/wp-json\/wp\/v2\/types\/post"}],"author":[{"embeddable":true,"href":"https:\/\/blogdoedvaldomagalhaes.com.br\/index.php\/wp-json\/wp\/v2\/users\/1"}],"replies":[{"embeddable":true,"href":"https:\/\/blogdoedvaldomagalhaes.com.br\/index.php\/wp-json\/wp\/v2\/comments?post=62232"}],"version-history":[{"count":1,"href":"https:\/\/blogdoedvaldomagalhaes.com.br\/index.php\/wp-json\/wp\/v2\/posts\/62232\/revisions"}],"predecessor-version":[{"id":62234,"href":"https:\/\/blogdoedvaldomagalhaes.com.br\/index.php\/wp-json\/wp\/v2\/posts\/62232\/revisions\/62234"}],"wp:featuredmedia":[{"embeddable":true,"href":"https:\/\/blogdoedvaldomagalhaes.com.br\/index.php\/wp-json\/wp\/v2\/media\/62233"}],"wp:attachment":[{"href":"https:\/\/blogdoedvaldomagalhaes.com.br\/index.php\/wp-json\/wp\/v2\/media?parent=62232"}],"wp:term":[{"taxonomy":"category","embeddable":true,"href":"https:\/\/blogdoedvaldomagalhaes.com.br\/index.php\/wp-json\/wp\/v2\/categories?post=62232"},{"taxonomy":"post_tag","embeddable":true,"href":"https:\/\/blogdoedvaldomagalhaes.com.br\/index.php\/wp-json\/wp\/v2\/tags?post=62232"}],"curies":[{"name":"wp","href":"https:\/\/api.w.org\/{rel}","templated":true}]}}