{"id":62229,"date":"2020-10-06T19:43:25","date_gmt":"2020-10-06T22:43:25","guid":{"rendered":"https:\/\/blogdoedvaldomagalhaes.com.br\/?p=62229"},"modified":"2020-10-06T19:43:27","modified_gmt":"2020-10-06T22:43:27","slug":"marcelo-gomes-vai-a-feira-de-gado-de-caruaru-e-debate-com-comerciantes-problemas-encontrados-no-local","status":"publish","type":"post","link":"https:\/\/blogdoedvaldomagalhaes.com.br\/index.php\/2020\/10\/06\/marcelo-gomes-vai-a-feira-de-gado-de-caruaru-e-debate-com-comerciantes-problemas-encontrados-no-local\/","title":{"rendered":"Marcelo Gomes vai \u00e0 Feira de Gado de Caruaru e debate com comerciantes problemas encontrados no local"},"content":{"rendered":"<p style=\"text-align: justify;\"><span style=\"font-size: inherit;\">Um dos mais tradicionais encontros de neg\u00f3cios de Caruaru, a Feira de Gado da cidade \u00e9 a oportunidade que pecuaristas e criadores de outros animais \u2013 como cabras, cavalos e bodes \u2013 tem para comercializar os seus servi\u00e7os e produtos. O candidato \u00e0 Prefeitura Marcelo Gomes (PSB) foi ao local para debater com feirantes, comerciantes e compradores as demandas e solu\u00e7\u00f5es para o local.<\/span><\/p>\n<p style=\"text-align: justify;\">Segundo os comerciantes locais, ap\u00f3s paralisa\u00e7\u00e3o de cinco meses, por conta da pandemia de Covid-19, a feira enfrentou diversas dificuldades para retomar as suas atividades.<\/p>\n<p style=\"text-align: justify;\">Em sendo eleito Prefeito de Caruaru, Marcelo pretende oferecer uma estrutura mais moderna, para que tanto a Feira de Gado, como a da Sulanca e outras possam ser requalificadas, atrav\u00e9s do programa Pacto pelo Emprego. \u201cCom estudos sobre urbanismo e o bom uso da tecnologia, o feirante ter\u00e1 mais conforto e seguran\u00e7a, com apoio de verdade e um canal aberto de comunica\u00e7\u00e3o comigo e a minha equipe\u201d, garantiu.<\/p>\n<p>Foto: Miva Filho.<\/p>\n","protected":false},"excerpt":{"rendered":"<p>Um dos mais tradicionais encontros de neg\u00f3cios de Caruaru, a Feira de Gado da cidade \u00e9 a oportunidade que pecuaristas&hellip;<\/p>\n","protected":false},"author":1,"featured_media":62230,"comment_status":"open","ping_status":"open","sticky":false,"template":"","format":"standard","meta":{"footnotes":""},"categories":[14122],"tags":[2,19532,19759,381],"class_list":["post-62229","post","type-post","status-publish","format-standard","has-post-thumbnail","hentry","category-politica","tag-blog-do-edvaldo-magalhaes","tag-blog-mais-acessado-e-visualizado-de-caruaru-e-regiao","tag-marcelo-gomes-vai-a-feira-de-gado-de-caruaru-e-debate-com-comerciantes-problemas-encontrados-no-local","tag-psb"],"_links":{"self":[{"href":"https:\/\/blogdoedvaldomagalhaes.com.br\/index.php\/wp-json\/wp\/v2\/posts\/62229","targetHints":{"allow":["GET"]}}],"collection":[{"href":"https:\/\/blogdoedvaldomagalhaes.com.br\/index.php\/wp-json\/wp\/v2\/posts"}],"about":[{"href":"https:\/\/blogdoedvaldomagalhaes.com.br\/index.php\/wp-json\/wp\/v2\/types\/post"}],"author":[{"embeddable":true,"href":"https:\/\/blogdoedvaldomagalhaes.com.br\/index.php\/wp-json\/wp\/v2\/users\/1"}],"replies":[{"embeddable":true,"href":"https:\/\/blogdoedvaldomagalhaes.com.br\/index.php\/wp-json\/wp\/v2\/comments?post=62229"}],"version-history":[{"count":1,"href":"https:\/\/blogdoedvaldomagalhaes.com.br\/index.php\/wp-json\/wp\/v2\/posts\/62229\/revisions"}],"predecessor-version":[{"id":62231,"href":"https:\/\/blogdoedvaldomagalhaes.com.br\/index.php\/wp-json\/wp\/v2\/posts\/62229\/revisions\/62231"}],"wp:featuredmedia":[{"embeddable":true,"href":"https:\/\/blogdoedvaldomagalhaes.com.br\/index.php\/wp-json\/wp\/v2\/media\/62230"}],"wp:attachment":[{"href":"https:\/\/blogdoedvaldomagalhaes.com.br\/index.php\/wp-json\/wp\/v2\/media?parent=62229"}],"wp:term":[{"taxonomy":"category","embeddable":true,"href":"https:\/\/blogdoedvaldomagalhaes.com.br\/index.php\/wp-json\/wp\/v2\/categories?post=62229"},{"taxonomy":"post_tag","embeddable":true,"href":"https:\/\/blogdoedvaldomagalhaes.com.br\/index.php\/wp-json\/wp\/v2\/tags?post=62229"}],"curies":[{"name":"wp","href":"https:\/\/api.w.org\/{rel}","templated":true}]}}