{"id":62,"date":"2019-02-01T21:05:00","date_gmt":"2019-02-01T23:05:00","guid":{"rendered":"http:\/\/blogdoedvaldomagalhaes.com.br\/index.php\/2019\/02\/01\/mutirao-da-justica-da-liberdade-35\/"},"modified":"2019-02-09T02:51:39","modified_gmt":"2019-02-09T04:51:39","slug":"mutirao-da-justica-da-liberdade-35","status":"publish","type":"post","link":"https:\/\/blogdoedvaldomagalhaes.com.br\/index.php\/2019\/02\/01\/mutirao-da-justica-da-liberdade-35\/","title":{"rendered":"Mutir\u00e3o da Justi\u00e7a d\u00e1 liberdade a 35 adolescentes da Funase em Pernambuco"},"content":{"rendered":"<p><\/p>\n<div class=\"separator\" style=\"clear: both; text-align: center;\">\n<a href=\"https:\/\/3.bp.blogspot.com\/-bybWtDRdllQ\/XFS0ZiGDNBI\/AAAAAAABB5s\/CM7nt6KkQE4AKzQZP4hwkhJbs2KB1bwEQCLcBGAs\/s1600\/fibase.jpeg\" imageanchor=\"1\" style=\"margin-left: 1em; margin-right: 1em;\"><img loading=\"lazy\" decoding=\"async\" border=\"0\" data-original-height=\"506\" data-original-width=\"900\" height=\"354\" src=\"http:\/\/blogdoedvaldomagalhaes.com.br\/wp-content\/uploads\/2019\/02\/fibase.jpeg\" width=\"640\" \/><\/a><\/div>\n<div class=\"separator\" style=\"clear: both; text-align: center;\">\nFoto: Funase\/Divulga\u00e7\u00e3o<\/div>\n<div class=\"MsoNormal\" style=\"background: white; line-height: normal; margin-bottom: .0001pt; margin-bottom: 0cm; text-align: justify;\">\n<\/div>\n<div class=\"MsoNormal\" style=\"background: white; line-height: normal; margin-bottom: .0001pt; margin-bottom: 0cm; text-align: justify;\">\nA Justi\u00e7a vem<br \/>\npromovendo audi\u00eancias concentradas para revisar processos que envolvem<br \/>\nadolescentes em cumprimento de medidas socioeducativas. Quatro unidades da<br \/>\nFunda\u00e7\u00e3o de Atendimento Socioeducativo (Funase) j\u00e1 foram contempladas. De um<br \/>\ntotal de 43 socioeducandos participantes, 35 ganharam a liberdade, podendo<br \/>\ndeixar o regime de interna\u00e7\u00e3o e voltar para a casa de seus familiares. Esse<br \/>\nresultado refor\u00e7a o \u00eaxito do trabalho da Funase, uma vez que a libera\u00e7\u00e3o \u00e9<br \/>\ndeterminada pelos ju\u00edzes respons\u00e1veis com base na percep\u00e7\u00e3o de que os internos est\u00e3o<br \/>\nenvolvidos em atividades pedag\u00f3gicas e construindo novos projetos de vida.<\/div>\n<div class=\"MsoNormal\" style=\"background: white; line-height: normal; margin-bottom: .0001pt; margin-bottom: 0cm; text-align: justify;\">\n<\/div>\n<div class=\"MsoNormal\" style=\"background: white; line-height: normal; margin-bottom: .0001pt; margin-bottom: 0cm; text-align: justify;\">\nNo Centro de<br \/>\nAtendimento Socioeducativo (Case) Jaboat\u00e3o dos Guararapes, oito socioeducandos<br \/>\nforam beneficiados com a liberdade assistida, ou seja, passaram a cumprir a<br \/>\nmedida socioeducativa em meio aberto, com apresenta\u00e7\u00f5es peri\u00f3dicas ao Poder<br \/>\nJudici\u00e1rio. No Case Santa Luzia, situado no Recife, todas as socioeducandas<br \/>\ncontempladas pelo mutir\u00e3o tamb\u00e9m puderam deixar a unidade ap\u00f3s a avalia\u00e7\u00e3o.<br \/>\nTr\u00eas receberam liberdade assistida, e outras duas tiveram a medida<br \/>\nsocioeducativa extinta.<\/div>\n<div class=\"MsoNormal\" style=\"background: white; line-height: normal; margin-bottom: .0001pt; margin-bottom: 0cm; text-align: justify;\">\n<\/div>\n<div class=\"MsoNormal\" style=\"background: white; line-height: normal; margin-bottom: .0001pt; margin-bottom: 0cm; text-align: justify;\">\nNo Case Abreu e Lima,<br \/>\no n\u00famero foi ainda mais expressivo: 12 extin\u00e7\u00f5es de medida concedidas e cinco<br \/>\nadolescentes em liberdade assistida, fazendo com que, na pr\u00e1tica, 17<br \/>\nsocioeducandos tenham deixado a unidade de interna\u00e7\u00e3o. Outros tr\u00eas jovens foram<br \/>\nbeneficiados com redu\u00e7\u00f5es de prazo para a reavalia\u00e7\u00e3o de seus processos pela<br \/>\nVara Regional da Inf\u00e2ncia e Juventude. Por fim, no Case Caruaru, dos dez<br \/>\nsocioeducandos avaliados, tr\u00eas passaram para a semiliberdade, um teve a medida<br \/>\nextinta e quatro deixaram a unidade e prestar\u00e3o servi\u00e7os comunit\u00e1rios. Dois<br \/>\ntiveram a medida mantida, mas com redu\u00e7\u00e3o do tempo de reavalia\u00e7\u00e3o.<\/div>\n<div class=\"MsoNormal\" style=\"background: white; line-height: normal; margin-bottom: .0001pt; margin-bottom: 0cm; text-align: justify;\">\n<\/div>\n<div class=\"MsoNormal\" style=\"background: white; line-height: normal; margin-bottom: .0001pt; margin-bottom: 0cm; text-align: justify;\">\nA m\u00e3e do socioeducando<br \/>\nJ.W., de 18 anos, um dos liberados na audi\u00eancia concentrada no Case Caruaru,<br \/>\nficou emocionada ao saber do resultado. \u201cEstou sentindo alegria no meu cora\u00e7\u00e3o<br \/>\npor meu filho ter recebido muito apoio nesse tempo em que esteve aqui. O<br \/>\natendimento foi muito bom pra ele. Estou contente de saber que vou lev\u00e1-lo pra<br \/>\ncasa e vou buscar um futuro melhor pra ele\u201d, afirmou.<\/div>\n<div class=\"MsoNormal\">\n<\/div>\n<p><\/p>\n","protected":false},"excerpt":{"rendered":"<p>Foto: Funase\/Divulga\u00e7\u00e3o A Justi\u00e7a vem promovendo audi\u00eancias concentradas para revisar processos que envolvem adolescentes em cumprimento de medidas socioeducativas. Quatro&hellip;<\/p>\n","protected":false},"author":1,"featured_media":0,"comment_status":"open","ping_status":"open","sticky":false,"template":"","format":"standard","meta":{"footnotes":""},"categories":[1],"tags":[2,69,13],"class_list":["post-62","post","type-post","status-publish","format-standard","hentry","category-sem-categoria","tag-blog-do-edvaldo-magalhaes","tag-mutirao-da-justica-da-liberdade-a-35-adolescentes-da-funase-em-pernambuco","tag-policial"],"_links":{"self":[{"href":"https:\/\/blogdoedvaldomagalhaes.com.br\/index.php\/wp-json\/wp\/v2\/posts\/62","targetHints":{"allow":["GET"]}}],"collection":[{"href":"https:\/\/blogdoedvaldomagalhaes.com.br\/index.php\/wp-json\/wp\/v2\/posts"}],"about":[{"href":"https:\/\/blogdoedvaldomagalhaes.com.br\/index.php\/wp-json\/wp\/v2\/types\/post"}],"author":[{"embeddable":true,"href":"https:\/\/blogdoedvaldomagalhaes.com.br\/index.php\/wp-json\/wp\/v2\/users\/1"}],"replies":[{"embeddable":true,"href":"https:\/\/blogdoedvaldomagalhaes.com.br\/index.php\/wp-json\/wp\/v2\/comments?post=62"}],"version-history":[{"count":1,"href":"https:\/\/blogdoedvaldomagalhaes.com.br\/index.php\/wp-json\/wp\/v2\/posts\/62\/revisions"}],"predecessor-version":[{"id":37915,"href":"https:\/\/blogdoedvaldomagalhaes.com.br\/index.php\/wp-json\/wp\/v2\/posts\/62\/revisions\/37915"}],"wp:attachment":[{"href":"https:\/\/blogdoedvaldomagalhaes.com.br\/index.php\/wp-json\/wp\/v2\/media?parent=62"}],"wp:term":[{"taxonomy":"category","embeddable":true,"href":"https:\/\/blogdoedvaldomagalhaes.com.br\/index.php\/wp-json\/wp\/v2\/categories?post=62"},{"taxonomy":"post_tag","embeddable":true,"href":"https:\/\/blogdoedvaldomagalhaes.com.br\/index.php\/wp-json\/wp\/v2\/tags?post=62"}],"curies":[{"name":"wp","href":"https:\/\/api.w.org\/{rel}","templated":true}]}}