{"id":61976,"date":"2020-09-29T21:58:36","date_gmt":"2020-09-30T00:58:36","guid":{"rendered":"https:\/\/blogdoedvaldomagalhaes.com.br\/?p=61976"},"modified":"2020-09-29T21:58:36","modified_gmt":"2020-09-30T00:58:36","slug":"pedreiro-morre-vitima-de-choque-eletrico-em-agrestina","status":"publish","type":"post","link":"https:\/\/blogdoedvaldomagalhaes.com.br\/index.php\/2020\/09\/29\/pedreiro-morre-vitima-de-choque-eletrico-em-agrestina\/","title":{"rendered":"Pedreiro morre v\u00edtima de choque el\u00e9trico em Agrestina"},"content":{"rendered":"<p style=\"text-align: justify;\">Um pedreiro morreu ap\u00f3s levar um choque el\u00e9trico na manh\u00e3 desta ter\u00e7a-feira (29, em Agrestina, no Agreste de Pernambuco. Aelson da Silva Xavier, 41 anos, tocou em um fio de alta tens\u00e3o no momento em que trabalhava.<\/p>\n<p style=\"text-align: justify;\">O caso ocorreu na rua Jo\u00e3o Guilherme, centro da cidade. O pedreiro morava na Vila de Barra do Riach\u00e3o, zona rural de S\u00e3o Joaquim do Monte. O Samu foi acionado, mas j\u00e1 encontrou a v\u00edtima em \u00f3bito.<\/p>\n<p>Por Helenivaldo Pereira.<\/p>\n","protected":false},"excerpt":{"rendered":"<p>Um pedreiro morreu ap\u00f3s levar um choque el\u00e9trico na manh\u00e3 desta ter\u00e7a-feira (29, em Agrestina, no Agreste de Pernambuco. Aelson&hellip;<\/p>\n","protected":false},"author":1,"featured_media":61977,"comment_status":"open","ping_status":"open","sticky":false,"template":"","format":"standard","meta":{"footnotes":""},"categories":[14120],"tags":[2,19532,19692],"class_list":["post-61976","post","type-post","status-publish","format-standard","has-post-thumbnail","hentry","category-noticias","tag-blog-do-edvaldo-magalhaes","tag-blog-mais-acessado-e-visualizado-de-caruaru-e-regiao","tag-pedreiro-morre-vitima-de-choque-eletrico-em-agrestina"],"_links":{"self":[{"href":"https:\/\/blogdoedvaldomagalhaes.com.br\/index.php\/wp-json\/wp\/v2\/posts\/61976","targetHints":{"allow":["GET"]}}],"collection":[{"href":"https:\/\/blogdoedvaldomagalhaes.com.br\/index.php\/wp-json\/wp\/v2\/posts"}],"about":[{"href":"https:\/\/blogdoedvaldomagalhaes.com.br\/index.php\/wp-json\/wp\/v2\/types\/post"}],"author":[{"embeddable":true,"href":"https:\/\/blogdoedvaldomagalhaes.com.br\/index.php\/wp-json\/wp\/v2\/users\/1"}],"replies":[{"embeddable":true,"href":"https:\/\/blogdoedvaldomagalhaes.com.br\/index.php\/wp-json\/wp\/v2\/comments?post=61976"}],"version-history":[{"count":1,"href":"https:\/\/blogdoedvaldomagalhaes.com.br\/index.php\/wp-json\/wp\/v2\/posts\/61976\/revisions"}],"predecessor-version":[{"id":61978,"href":"https:\/\/blogdoedvaldomagalhaes.com.br\/index.php\/wp-json\/wp\/v2\/posts\/61976\/revisions\/61978"}],"wp:featuredmedia":[{"embeddable":true,"href":"https:\/\/blogdoedvaldomagalhaes.com.br\/index.php\/wp-json\/wp\/v2\/media\/61977"}],"wp:attachment":[{"href":"https:\/\/blogdoedvaldomagalhaes.com.br\/index.php\/wp-json\/wp\/v2\/media?parent=61976"}],"wp:term":[{"taxonomy":"category","embeddable":true,"href":"https:\/\/blogdoedvaldomagalhaes.com.br\/index.php\/wp-json\/wp\/v2\/categories?post=61976"},{"taxonomy":"post_tag","embeddable":true,"href":"https:\/\/blogdoedvaldomagalhaes.com.br\/index.php\/wp-json\/wp\/v2\/tags?post=61976"}],"curies":[{"name":"wp","href":"https:\/\/api.w.org\/{rel}","templated":true}]}}