{"id":61971,"date":"2020-09-29T21:46:32","date_gmt":"2020-09-30T00:46:32","guid":{"rendered":"https:\/\/blogdoedvaldomagalhaes.com.br\/?p=61971"},"modified":"2020-09-29T21:54:43","modified_gmt":"2020-09-30T00:54:43","slug":"funcionario-da-celpe-e-assassinado-apos-cortar-energia-de-fazenda-em-limoeiro","status":"publish","type":"post","link":"https:\/\/blogdoedvaldomagalhaes.com.br\/index.php\/2020\/09\/29\/funcionario-da-celpe-e-assassinado-apos-cortar-energia-de-fazenda-em-limoeiro\/","title":{"rendered":"Funcion\u00e1rio da Celpe \u00e9 assassinado ap\u00f3s cortar energia de fazenda em Limoeiro"},"content":{"rendered":"<p style=\"text-align: justify;\">Um funcion\u00e1rio da Celpe foi assassinado no final da tarde desta ter\u00e7a-feira (29), em Limoeiro, Agreste de Pernambuco, ap\u00f3s cortar energia de uma fazenda. De acordo com a pol\u00edcia, ap\u00f3s o procedimento dois funcion\u00e1rios foram surpreendidos pelo propriet\u00e1rio da fazenda, identificado como Sebasti\u00e3o Ayres de Assis Neto.<\/p>\n<p style=\"text-align: justify;\">O fazendeiro efetuou um tiro contra Jos\u00e9 Reginaldo de Santana J\u00fanior, 31 anos, que morreu no local. Em seguida ele obrigou o outro funcion\u00e1rio a religar a energia o amea\u00e7ando com a arma de fogo. O suspeito trancou a v\u00edtima na mala do carro da Celpe e fugiu.<\/p>\n<p style=\"text-align: justify;\"><strong>NOTA<\/strong><\/p>\n<p style=\"text-align: justify;\"><em>A Companhia Energ\u00e9tica de Pernambuco (Celpe) recebeu com consterna\u00e7\u00e3o a not\u00edcia do assassinato do colaborador Jos\u00e9 Reginaldo de Santana J\u00fanior, de 31 anos, na tarde desta ter\u00e7a-feira (29). O crime ocorreu durante o procedimento legal de suspens\u00e3o do fornecimento de energia por inadimpl\u00eancia, na zona rural de Limoeiro, agreste pernambucano. A empresa condena, veementemente, qualquer conduta violenta, sobretudo que atente contra a vida. O departamento Jur\u00eddico da concession\u00e1ria est\u00e1 acompanhando a instaura\u00e7\u00e3o do procedimento investigativo e exige das autoridades p\u00fablicas o pleno cumprimento da lei. A Celpe lamenta o ato covarde praticado contra o eletricista e informa que est\u00e1 prestando o apoio necess\u00e1rio \u00e0 fam\u00edlia da v\u00edtima.<\/em><\/p>\n<p style=\"text-align: justify;\"><em>A companhia refor\u00e7a, ainda, que o corte de energia \u00e9 o \u00faltimo recurso utilizado como mecanismo de cobran\u00e7a de d\u00e9bitos. O procedimento, amparado pela legisla\u00e7\u00e3o do setor el\u00e9trico nacional, obedece \u00e0s determina\u00e7\u00f5es da Ag\u00eancia Nacional de Energia El\u00e9trica.<\/em><\/p>\n<p>Por Helenivaldo Pereira.<\/p>\n","protected":false},"excerpt":{"rendered":"<p>Um funcion\u00e1rio da Celpe foi assassinado no final da tarde desta ter\u00e7a-feira (29), em Limoeiro, Agreste de Pernambuco, ap\u00f3s cortar&hellip;<\/p>\n","protected":false},"author":1,"featured_media":61972,"comment_status":"open","ping_status":"open","sticky":false,"template":"","format":"standard","meta":{"footnotes":""},"categories":[14120],"tags":[2,19532,19691],"class_list":["post-61971","post","type-post","status-publish","format-standard","has-post-thumbnail","hentry","category-noticias","tag-blog-do-edvaldo-magalhaes","tag-blog-mais-acessado-e-visualizado-de-caruaru-e-regiao","tag-funcionario-da-celpe-e-assassinado-apos-cortar-energia-de-fazenda-em-limoeiro"],"_links":{"self":[{"href":"https:\/\/blogdoedvaldomagalhaes.com.br\/index.php\/wp-json\/wp\/v2\/posts\/61971","targetHints":{"allow":["GET"]}}],"collection":[{"href":"https:\/\/blogdoedvaldomagalhaes.com.br\/index.php\/wp-json\/wp\/v2\/posts"}],"about":[{"href":"https:\/\/blogdoedvaldomagalhaes.com.br\/index.php\/wp-json\/wp\/v2\/types\/post"}],"author":[{"embeddable":true,"href":"https:\/\/blogdoedvaldomagalhaes.com.br\/index.php\/wp-json\/wp\/v2\/users\/1"}],"replies":[{"embeddable":true,"href":"https:\/\/blogdoedvaldomagalhaes.com.br\/index.php\/wp-json\/wp\/v2\/comments?post=61971"}],"version-history":[{"count":3,"href":"https:\/\/blogdoedvaldomagalhaes.com.br\/index.php\/wp-json\/wp\/v2\/posts\/61971\/revisions"}],"predecessor-version":[{"id":61975,"href":"https:\/\/blogdoedvaldomagalhaes.com.br\/index.php\/wp-json\/wp\/v2\/posts\/61971\/revisions\/61975"}],"wp:featuredmedia":[{"embeddable":true,"href":"https:\/\/blogdoedvaldomagalhaes.com.br\/index.php\/wp-json\/wp\/v2\/media\/61972"}],"wp:attachment":[{"href":"https:\/\/blogdoedvaldomagalhaes.com.br\/index.php\/wp-json\/wp\/v2\/media?parent=61971"}],"wp:term":[{"taxonomy":"category","embeddable":true,"href":"https:\/\/blogdoedvaldomagalhaes.com.br\/index.php\/wp-json\/wp\/v2\/categories?post=61971"},{"taxonomy":"post_tag","embeddable":true,"href":"https:\/\/blogdoedvaldomagalhaes.com.br\/index.php\/wp-json\/wp\/v2\/tags?post=61971"}],"curies":[{"name":"wp","href":"https:\/\/api.w.org\/{rel}","templated":true}]}}