{"id":61967,"date":"2020-09-29T21:35:33","date_gmt":"2020-09-30T00:35:33","guid":{"rendered":"https:\/\/blogdoedvaldomagalhaes.com.br\/?p=61967"},"modified":"2020-09-29T21:35:35","modified_gmt":"2020-09-30T00:35:35","slug":"caruaru-registra-66-novos-casos-de-covid-19-e-mais-dois-obitos","status":"publish","type":"post","link":"https:\/\/blogdoedvaldomagalhaes.com.br\/index.php\/2020\/09\/29\/caruaru-registra-66-novos-casos-de-covid-19-e-mais-dois-obitos\/","title":{"rendered":"Caruaru registra 66 novos casos de Covid-19 e mais dois \u00f3bitos"},"content":{"rendered":"<p style=\"text-align: justify;\">Sessenta e seis novos casos de covid-19 foram confirmados nesta ter\u00e7a-feira (29) pela Secretaria de Sa\u00fade de Caruaru. O boletim tamb\u00e9m confirmou duas mortes, de dois homens, 60 e 86 anos, ocorridas nos dias 7 e 24 de julho.<\/p>\n<p style=\"text-align: justify;\">Do in\u00edcio da pandemia at\u00e9 agora Caruaru soma 8.564 casos confirmados do novo coronav\u00edrus e 332 \u00f3bitos. Est\u00e3o em investiga\u00e7\u00e3o duas mortes e 600 casos.<\/p>\n<p style=\"text-align: justify;\">Ainda de acordo com o boletim, o n\u00famero de pacientes recuperados da doen\u00e7a subiu para 8.102 e os casos descartados passaram para 15.120.<\/p>\n<p>Foto: Iza\u00edas Rodrigues.<\/p>\n\n\n<figure class=\"wp-block-image size-large\"><img loading=\"lazy\" decoding=\"async\" width=\"1024\" height=\"1024\" src=\"https:\/\/blogdoedvaldomagalhaes.com.br\/wp-content\/uploads\/2020\/09\/IMG-20200929-WA0171-1024x1024.jpg\" alt=\"\" class=\"wp-image-61968\" srcset=\"https:\/\/blogdoedvaldomagalhaes.com.br\/wp-content\/uploads\/2020\/09\/IMG-20200929-WA0171-1024x1024.jpg 1024w, https:\/\/blogdoedvaldomagalhaes.com.br\/wp-content\/uploads\/2020\/09\/IMG-20200929-WA0171-300x300.jpg 300w, https:\/\/blogdoedvaldomagalhaes.com.br\/wp-content\/uploads\/2020\/09\/IMG-20200929-WA0171-150x150.jpg 150w, https:\/\/blogdoedvaldomagalhaes.com.br\/wp-content\/uploads\/2020\/09\/IMG-20200929-WA0171-768x768.jpg 768w, https:\/\/blogdoedvaldomagalhaes.com.br\/wp-content\/uploads\/2020\/09\/IMG-20200929-WA0171.jpg 1280w\" sizes=\"auto, (max-width: 1024px) 100vw, 1024px\" \/><\/figure>\n","protected":false},"excerpt":{"rendered":"<p>Sessenta e seis novos casos de covid-19 foram confirmados nesta ter\u00e7a-feira (29) pela Secretaria de Sa\u00fade de Caruaru. O boletim&hellip;<\/p>\n","protected":false},"author":1,"featured_media":61969,"comment_status":"open","ping_status":"open","sticky":false,"template":"","format":"standard","meta":{"footnotes":""},"categories":[14120],"tags":[2,19532,19690,19670],"class_list":["post-61967","post","type-post","status-publish","format-standard","has-post-thumbnail","hentry","category-noticias","tag-blog-do-edvaldo-magalhaes","tag-blog-mais-acessado-e-visualizado-de-caruaru-e-regiao","tag-caruaru-registra-66-novos-casos-de-covid-19-e-mais-dois-obitos","tag-novo-coronavirus"],"_links":{"self":[{"href":"https:\/\/blogdoedvaldomagalhaes.com.br\/index.php\/wp-json\/wp\/v2\/posts\/61967","targetHints":{"allow":["GET"]}}],"collection":[{"href":"https:\/\/blogdoedvaldomagalhaes.com.br\/index.php\/wp-json\/wp\/v2\/posts"}],"about":[{"href":"https:\/\/blogdoedvaldomagalhaes.com.br\/index.php\/wp-json\/wp\/v2\/types\/post"}],"author":[{"embeddable":true,"href":"https:\/\/blogdoedvaldomagalhaes.com.br\/index.php\/wp-json\/wp\/v2\/users\/1"}],"replies":[{"embeddable":true,"href":"https:\/\/blogdoedvaldomagalhaes.com.br\/index.php\/wp-json\/wp\/v2\/comments?post=61967"}],"version-history":[{"count":1,"href":"https:\/\/blogdoedvaldomagalhaes.com.br\/index.php\/wp-json\/wp\/v2\/posts\/61967\/revisions"}],"predecessor-version":[{"id":61970,"href":"https:\/\/blogdoedvaldomagalhaes.com.br\/index.php\/wp-json\/wp\/v2\/posts\/61967\/revisions\/61970"}],"wp:featuredmedia":[{"embeddable":true,"href":"https:\/\/blogdoedvaldomagalhaes.com.br\/index.php\/wp-json\/wp\/v2\/media\/61969"}],"wp:attachment":[{"href":"https:\/\/blogdoedvaldomagalhaes.com.br\/index.php\/wp-json\/wp\/v2\/media?parent=61967"}],"wp:term":[{"taxonomy":"category","embeddable":true,"href":"https:\/\/blogdoedvaldomagalhaes.com.br\/index.php\/wp-json\/wp\/v2\/categories?post=61967"},{"taxonomy":"post_tag","embeddable":true,"href":"https:\/\/blogdoedvaldomagalhaes.com.br\/index.php\/wp-json\/wp\/v2\/tags?post=61967"}],"curies":[{"name":"wp","href":"https:\/\/api.w.org\/{rel}","templated":true}]}}