{"id":61949,"date":"2020-09-29T10:36:01","date_gmt":"2020-09-29T13:36:01","guid":{"rendered":"https:\/\/blogdoedvaldomagalhaes.com.br\/?p=61949"},"modified":"2020-09-29T10:36:02","modified_gmt":"2020-09-29T13:36:02","slug":"homens-sao-detidos-com-equipamentos-utilizados-para-roubar-caminhoes-em-sao-caitano","status":"publish","type":"post","link":"https:\/\/blogdoedvaldomagalhaes.com.br\/index.php\/2020\/09\/29\/homens-sao-detidos-com-equipamentos-utilizados-para-roubar-caminhoes-em-sao-caitano\/","title":{"rendered":"Homens s\u00e3o detidos com equipamentos utilizados para roubar caminh\u00f5es em S\u00e3o Caitano"},"content":{"rendered":"<p style=\"text-align: justify;\"><span style=\"font-size: inherit;\">Dois homens, de 46 e 21 anos, que transportavam equipamentos para detectar e bloquear o rastreador de caminh\u00f5es foram detidos na segunda-feira (28), pela Pol\u00edcia Rodovi\u00e1ria Federal (PRF) na BR 232, em S\u00e3o Caetano, no Agreste pernambucano. Os aparelhos s\u00e3o utilizados por quadrilhas especializadas em assaltos a ve\u00edculos de carga.<\/span><\/p>\n<p style=\"text-align: justify;\">O flagrante ocorreu durante a abordagem a um carro ocupado por dois homens. Dentro do ve\u00edculo, foram encontrados os equipamentos e no porta-luvas estavam R$12.950,00 sem comprova\u00e7\u00e3o de origem.<\/p>\n<p style=\"text-align: justify;\">O motorista informou que havia adquirido o bloqueador para captar sinais de TV e o receptor seria utilizado pelo filho dele como um r\u00e1dio amador. Disse ainda que o dinheiro era proveniente de uma padaria da qual \u00e9 dono e seria utilizado para comprar um caminh\u00e3o no Recife.<\/p>\n<p style=\"text-align: justify;\">O motorista e o passageiro foram encaminhados junto com os aparelhos e o dinheiro \u00e0 Delegacia de Pol\u00edcia Civil de Belo Jardim, que ir\u00e1 investigar o caso.<\/p>\n\n\n<figure class=\"wp-block-image size-large\"><img loading=\"lazy\" decoding=\"async\" width=\"953\" height=\"648\" src=\"https:\/\/blogdoedvaldomagalhaes.com.br\/wp-content\/uploads\/2020\/09\/IMG-20200929-WA0047.jpg\" alt=\"\" class=\"wp-image-61951\" srcset=\"https:\/\/blogdoedvaldomagalhaes.com.br\/wp-content\/uploads\/2020\/09\/IMG-20200929-WA0047.jpg 953w, https:\/\/blogdoedvaldomagalhaes.com.br\/wp-content\/uploads\/2020\/09\/IMG-20200929-WA0047-300x204.jpg 300w, https:\/\/blogdoedvaldomagalhaes.com.br\/wp-content\/uploads\/2020\/09\/IMG-20200929-WA0047-768x522.jpg 768w\" sizes=\"auto, (max-width: 953px) 100vw, 953px\" \/><\/figure>\n\n\n\n<figure class=\"wp-block-image size-large\"><img loading=\"lazy\" decoding=\"async\" width=\"1024\" height=\"589\" src=\"https:\/\/blogdoedvaldomagalhaes.com.br\/wp-content\/uploads\/2020\/09\/IMG-20200929-WA0051-1024x589.jpg\" alt=\"\" class=\"wp-image-61952\" srcset=\"https:\/\/blogdoedvaldomagalhaes.com.br\/wp-content\/uploads\/2020\/09\/IMG-20200929-WA0051-1024x589.jpg 1024w, https:\/\/blogdoedvaldomagalhaes.com.br\/wp-content\/uploads\/2020\/09\/IMG-20200929-WA0051-300x173.jpg 300w, https:\/\/blogdoedvaldomagalhaes.com.br\/wp-content\/uploads\/2020\/09\/IMG-20200929-WA0051-768x442.jpg 768w, https:\/\/blogdoedvaldomagalhaes.com.br\/wp-content\/uploads\/2020\/09\/IMG-20200929-WA0051.jpg 1249w\" sizes=\"auto, (max-width: 1024px) 100vw, 1024px\" \/><\/figure>\n\n\n\n<figure class=\"wp-block-image size-large\"><img loading=\"lazy\" decoding=\"async\" width=\"1024\" height=\"624\" src=\"https:\/\/blogdoedvaldomagalhaes.com.br\/wp-content\/uploads\/2020\/09\/IMG-20200929-WA0049-1024x624.jpg\" alt=\"\" class=\"wp-image-61953\" srcset=\"https:\/\/blogdoedvaldomagalhaes.com.br\/wp-content\/uploads\/2020\/09\/IMG-20200929-WA0049-1024x624.jpg 1024w, https:\/\/blogdoedvaldomagalhaes.com.br\/wp-content\/uploads\/2020\/09\/IMG-20200929-WA0049-300x183.jpg 300w, https:\/\/blogdoedvaldomagalhaes.com.br\/wp-content\/uploads\/2020\/09\/IMG-20200929-WA0049-768x468.jpg 768w, https:\/\/blogdoedvaldomagalhaes.com.br\/wp-content\/uploads\/2020\/09\/IMG-20200929-WA0049.jpg 1063w\" sizes=\"auto, (max-width: 1024px) 100vw, 1024px\" \/><figcaption>Fotos: PRF\/Divulga\u00e7\u00e3o<\/figcaption><\/figure>\n","protected":false},"excerpt":{"rendered":"<p>Dois homens, de 46 e 21 anos, que transportavam equipamentos para detectar e bloquear o rastreador de caminh\u00f5es foram detidos&hellip;<\/p>\n","protected":false},"author":1,"featured_media":61950,"comment_status":"open","ping_status":"open","sticky":false,"template":"","format":"standard","meta":{"footnotes":""},"categories":[14121],"tags":[2,19532,19688],"class_list":["post-61949","post","type-post","status-publish","format-standard","has-post-thumbnail","hentry","category-policial","tag-blog-do-edvaldo-magalhaes","tag-blog-mais-acessado-e-visualizado-de-caruaru-e-regiao","tag-homens-sao-detidos-com-equipamentos-utilizados-para-roubar-caminhoes-em-sao-caitano"],"_links":{"self":[{"href":"https:\/\/blogdoedvaldomagalhaes.com.br\/index.php\/wp-json\/wp\/v2\/posts\/61949","targetHints":{"allow":["GET"]}}],"collection":[{"href":"https:\/\/blogdoedvaldomagalhaes.com.br\/index.php\/wp-json\/wp\/v2\/posts"}],"about":[{"href":"https:\/\/blogdoedvaldomagalhaes.com.br\/index.php\/wp-json\/wp\/v2\/types\/post"}],"author":[{"embeddable":true,"href":"https:\/\/blogdoedvaldomagalhaes.com.br\/index.php\/wp-json\/wp\/v2\/users\/1"}],"replies":[{"embeddable":true,"href":"https:\/\/blogdoedvaldomagalhaes.com.br\/index.php\/wp-json\/wp\/v2\/comments?post=61949"}],"version-history":[{"count":1,"href":"https:\/\/blogdoedvaldomagalhaes.com.br\/index.php\/wp-json\/wp\/v2\/posts\/61949\/revisions"}],"predecessor-version":[{"id":61954,"href":"https:\/\/blogdoedvaldomagalhaes.com.br\/index.php\/wp-json\/wp\/v2\/posts\/61949\/revisions\/61954"}],"wp:featuredmedia":[{"embeddable":true,"href":"https:\/\/blogdoedvaldomagalhaes.com.br\/index.php\/wp-json\/wp\/v2\/media\/61950"}],"wp:attachment":[{"href":"https:\/\/blogdoedvaldomagalhaes.com.br\/index.php\/wp-json\/wp\/v2\/media?parent=61949"}],"wp:term":[{"taxonomy":"category","embeddable":true,"href":"https:\/\/blogdoedvaldomagalhaes.com.br\/index.php\/wp-json\/wp\/v2\/categories?post=61949"},{"taxonomy":"post_tag","embeddable":true,"href":"https:\/\/blogdoedvaldomagalhaes.com.br\/index.php\/wp-json\/wp\/v2\/tags?post=61949"}],"curies":[{"name":"wp","href":"https:\/\/api.w.org\/{rel}","templated":true}]}}