{"id":61943,"date":"2020-09-29T09:32:04","date_gmt":"2020-09-29T12:32:04","guid":{"rendered":"https:\/\/blogdoedvaldomagalhaes.com.br\/?p=61943"},"modified":"2020-09-29T09:32:05","modified_gmt":"2020-09-29T12:32:05","slug":"ciclista-morre-atropelado-apos-assalto-na-br-101-em-pernambuco","status":"publish","type":"post","link":"https:\/\/blogdoedvaldomagalhaes.com.br\/index.php\/2020\/09\/29\/ciclista-morre-atropelado-apos-assalto-na-br-101-em-pernambuco\/","title":{"rendered":"Ciclista morre atropelado ap\u00f3s assalto na BR-101 em Pernambuco"},"content":{"rendered":"<p style=\"text-align: justify;\">Um ciclista morreu atropelado na manh\u00e3 desta ter\u00e7a-feira (29), na BR-101, em Jaboat\u00e3o dos Guararapes, Regi\u00e3o Metropolitana do Recife. O acidente aconteceu por volta das 6h, no km 79 da rodovia.<\/p>\n<p style=\"text-align: justify;\">De acordo com informa\u00e7\u00f5es de uma testemunha, o ciclista de 22 anos foi assaltado e desviou a bicicleta para rodovia, quando foi atropelado por um caminh\u00e3o. O motorista n\u00e3o parou. O congestionamento chegou a 5 km.<\/p>\n<p style=\"text-align: justify;\">A Pol\u00edcia Rodovi\u00e1ria Federal (PRF) e a Pol\u00edcia Civil estiveram no local. O corpo foi encaminhado para o Instituto de Medicina Legal (IML) do Recife<\/p>\n\n\n<figure class=\"wp-block-image size-large\"><img loading=\"lazy\" decoding=\"async\" width=\"1008\" height=\"863\" src=\"https:\/\/blogdoedvaldomagalhaes.com.br\/wp-content\/uploads\/2020\/09\/IMG-20200929-WA0018.jpg\" alt=\"\" class=\"wp-image-61945\" srcset=\"https:\/\/blogdoedvaldomagalhaes.com.br\/wp-content\/uploads\/2020\/09\/IMG-20200929-WA0018.jpg 1008w, https:\/\/blogdoedvaldomagalhaes.com.br\/wp-content\/uploads\/2020\/09\/IMG-20200929-WA0018-300x257.jpg 300w, https:\/\/blogdoedvaldomagalhaes.com.br\/wp-content\/uploads\/2020\/09\/IMG-20200929-WA0018-768x658.jpg 768w\" sizes=\"auto, (max-width: 1008px) 100vw, 1008px\" \/><figcaption>Fotos: PRF\/Divulga\u00e7\u00e3o<\/figcaption><\/figure>\n","protected":false},"excerpt":{"rendered":"<p>Um ciclista morreu atropelado na manh\u00e3 desta ter\u00e7a-feira (29), na BR-101, em Jaboat\u00e3o dos Guararapes, Regi\u00e3o Metropolitana do Recife. O&hellip;<\/p>\n","protected":false},"author":1,"featured_media":61944,"comment_status":"open","ping_status":"open","sticky":false,"template":"","format":"standard","meta":{"footnotes":""},"categories":[14120],"tags":[14276,19687,2,19532,19686],"class_list":["post-61943","post","type-post","status-publish","format-standard","has-post-thumbnail","hentry","category-noticias","tag-acidente","tag-atropelamento","tag-blog-do-edvaldo-magalhaes","tag-blog-mais-acessado-e-visualizado-de-caruaru-e-regiao","tag-ciclista-morre-atropelado-apos-assalto-na-br-101-em-pernambuco"],"_links":{"self":[{"href":"https:\/\/blogdoedvaldomagalhaes.com.br\/index.php\/wp-json\/wp\/v2\/posts\/61943","targetHints":{"allow":["GET"]}}],"collection":[{"href":"https:\/\/blogdoedvaldomagalhaes.com.br\/index.php\/wp-json\/wp\/v2\/posts"}],"about":[{"href":"https:\/\/blogdoedvaldomagalhaes.com.br\/index.php\/wp-json\/wp\/v2\/types\/post"}],"author":[{"embeddable":true,"href":"https:\/\/blogdoedvaldomagalhaes.com.br\/index.php\/wp-json\/wp\/v2\/users\/1"}],"replies":[{"embeddable":true,"href":"https:\/\/blogdoedvaldomagalhaes.com.br\/index.php\/wp-json\/wp\/v2\/comments?post=61943"}],"version-history":[{"count":1,"href":"https:\/\/blogdoedvaldomagalhaes.com.br\/index.php\/wp-json\/wp\/v2\/posts\/61943\/revisions"}],"predecessor-version":[{"id":61946,"href":"https:\/\/blogdoedvaldomagalhaes.com.br\/index.php\/wp-json\/wp\/v2\/posts\/61943\/revisions\/61946"}],"wp:featuredmedia":[{"embeddable":true,"href":"https:\/\/blogdoedvaldomagalhaes.com.br\/index.php\/wp-json\/wp\/v2\/media\/61944"}],"wp:attachment":[{"href":"https:\/\/blogdoedvaldomagalhaes.com.br\/index.php\/wp-json\/wp\/v2\/media?parent=61943"}],"wp:term":[{"taxonomy":"category","embeddable":true,"href":"https:\/\/blogdoedvaldomagalhaes.com.br\/index.php\/wp-json\/wp\/v2\/categories?post=61943"},{"taxonomy":"post_tag","embeddable":true,"href":"https:\/\/blogdoedvaldomagalhaes.com.br\/index.php\/wp-json\/wp\/v2\/tags?post=61943"}],"curies":[{"name":"wp","href":"https:\/\/api.w.org\/{rel}","templated":true}]}}