{"id":61937,"date":"2020-09-28T21:18:22","date_gmt":"2020-09-29T00:18:22","guid":{"rendered":"https:\/\/blogdoedvaldomagalhaes.com.br\/?p=61937"},"modified":"2020-09-28T21:18:23","modified_gmt":"2020-09-29T00:18:23","slug":"iel-pe-abre-selecao-para-a-area-de-vendas-de-pecas-automotivas","status":"publish","type":"post","link":"https:\/\/blogdoedvaldomagalhaes.com.br\/index.php\/2020\/09\/28\/iel-pe-abre-selecao-para-a-area-de-vendas-de-pecas-automotivas\/","title":{"rendered":"IEL-PE abre sele\u00e7\u00e3o para a \u00e1rea de vendas de pe\u00e7as automotivas"},"content":{"rendered":"<p style=\"text-align: justify;\"><span style=\"font-size: inherit;\">O Instituto Euvaldo Lodi (IEL-PE) est\u00e1 com sele\u00e7\u00e3o aberta para uma vaga de emprego na \u00e1rea de vendas de pe\u00e7as automotivas. Os interessados em concorrer \u00e0 vaga devem ter ensino m\u00e9dio completo e, de prefer\u00eancia, ter forma\u00e7\u00e3o t\u00e9cnica em mec\u00e2nica ou manuten\u00e7\u00e3o automotiva, al\u00e9m de experi\u00eancia em oficinas ou concession\u00e1rias com atua\u00e7\u00e3o na \u00e1rea de manuten\u00e7\u00e3o preventiva e corretiva dos ve\u00edculos; sendo um diferencial ter atuado na \u00e1rea de vendas, bem como habilita\u00e7\u00e3o A\/B ou s\u00f3 B, morar em Vit\u00f3ria de Santo Ant\u00e3o ou nas proximidades, como Pombos e Bonanza.<\/span><\/p>\n<p style=\"text-align: justify;\">O selecionado ter\u00e1 sal\u00e1rio de R$1.160,85 mais comiss\u00e3o, al\u00e9m de benef\u00edcios de alimenta\u00e7\u00e3o e aux\u00edlio transporte. O hor\u00e1rio de trabalho ser\u00e1 de segunda a sexta-feira das 8h \u00e0s 17h, com uma hora de intervalo. Aos s\u00e1bados, a carga hor\u00e1ria ser\u00e1 das 8h \u00e0s 12h.<\/p>\n","protected":false},"excerpt":{"rendered":"<p>O Instituto Euvaldo Lodi (IEL-PE) est\u00e1 com sele\u00e7\u00e3o aberta para uma vaga de emprego na \u00e1rea de vendas de pe\u00e7as&hellip;<\/p>\n","protected":false},"author":1,"featured_media":61938,"comment_status":"open","ping_status":"open","sticky":false,"template":"","format":"standard","meta":{"footnotes":""},"categories":[14120],"tags":[2,19532,19685,1950],"class_list":["post-61937","post","type-post","status-publish","format-standard","has-post-thumbnail","hentry","category-noticias","tag-blog-do-edvaldo-magalhaes","tag-blog-mais-acessado-e-visualizado-de-caruaru-e-regiao","tag-iel-pe-abre-selecao-para-a-area-de-vendas-de-pecas-automotivas","tag-noticias-de-caruaru"],"_links":{"self":[{"href":"https:\/\/blogdoedvaldomagalhaes.com.br\/index.php\/wp-json\/wp\/v2\/posts\/61937","targetHints":{"allow":["GET"]}}],"collection":[{"href":"https:\/\/blogdoedvaldomagalhaes.com.br\/index.php\/wp-json\/wp\/v2\/posts"}],"about":[{"href":"https:\/\/blogdoedvaldomagalhaes.com.br\/index.php\/wp-json\/wp\/v2\/types\/post"}],"author":[{"embeddable":true,"href":"https:\/\/blogdoedvaldomagalhaes.com.br\/index.php\/wp-json\/wp\/v2\/users\/1"}],"replies":[{"embeddable":true,"href":"https:\/\/blogdoedvaldomagalhaes.com.br\/index.php\/wp-json\/wp\/v2\/comments?post=61937"}],"version-history":[{"count":1,"href":"https:\/\/blogdoedvaldomagalhaes.com.br\/index.php\/wp-json\/wp\/v2\/posts\/61937\/revisions"}],"predecessor-version":[{"id":61939,"href":"https:\/\/blogdoedvaldomagalhaes.com.br\/index.php\/wp-json\/wp\/v2\/posts\/61937\/revisions\/61939"}],"wp:featuredmedia":[{"embeddable":true,"href":"https:\/\/blogdoedvaldomagalhaes.com.br\/index.php\/wp-json\/wp\/v2\/media\/61938"}],"wp:attachment":[{"href":"https:\/\/blogdoedvaldomagalhaes.com.br\/index.php\/wp-json\/wp\/v2\/media?parent=61937"}],"wp:term":[{"taxonomy":"category","embeddable":true,"href":"https:\/\/blogdoedvaldomagalhaes.com.br\/index.php\/wp-json\/wp\/v2\/categories?post=61937"},{"taxonomy":"post_tag","embeddable":true,"href":"https:\/\/blogdoedvaldomagalhaes.com.br\/index.php\/wp-json\/wp\/v2\/tags?post=61937"}],"curies":[{"name":"wp","href":"https:\/\/api.w.org\/{rel}","templated":true}]}}