{"id":61927,"date":"2020-09-28T18:34:57","date_gmt":"2020-09-28T21:34:57","guid":{"rendered":"https:\/\/blogdoedvaldomagalhaes.com.br\/?p=61927"},"modified":"2020-09-28T18:34:57","modified_gmt":"2020-09-28T21:34:57","slug":"recuperacao-de-veiculos-roubados-aumenta-54-nas-rodovias-federais-de-pernambuco","status":"publish","type":"post","link":"https:\/\/blogdoedvaldomagalhaes.com.br\/index.php\/2020\/09\/28\/recuperacao-de-veiculos-roubados-aumenta-54-nas-rodovias-federais-de-pernambuco\/","title":{"rendered":"Recupera\u00e7\u00e3o de ve\u00edculos roubados aumenta 54% nas rodovias federais de Pernambuco"},"content":{"rendered":"<p style=\"text-align: justify;\"><span style=\"font-size: inherit;\">Entre janeiro a 28 de setembro deste ano, a Pol\u00edcia Rodovi\u00e1ria Federal (PRF) recuperou 335 ve\u00edculos roubados e apreendeu 228 adulterados nas rodovias federais de Pernambuco. No mesmo per\u00edodo do ano anterior, foram recuperados 217 autom\u00f3veis roubados e apreendidos 99 adulterados. Isso representa um aumento de 54% e 130%, respectivamente.<\/span><\/p>\n<p style=\"text-align: justify;\">O Sistema Nacional de Alarmes (Sinal), ferramenta desenvolvida para que as v\u00edtimas de roubo ou furto registrem os casos, tem contribu\u00eddo com esses resultados. Ap\u00f3s os registros das ocorr\u00eancias nesse portal, uma mensagem \u00e9 enviada para o celular dos policiais que est\u00e3o de plant\u00e3o e auxilia a recuperar os ve\u00edculos. O acesso pode ser feito por meio do endere\u00e7o eletr\u00f4nico: www.prf.gov.br\/sinal e n\u00e3o substitui o registro na Pol\u00edcia Civil.<\/p>\n<p style=\"text-align: justify;\">Carro recuperado<\/p>\n<p style=\"text-align: justify;\">Nesta segunda-feira (28), mais um carro roubado foi recuperado pela PRF e o motorista foi detido, na BR 232, em Jaboat\u00e3o dos Guararapes, no Grande Recife. O ve\u00edculo havia sido roubado em novembro de 2018, em Vit\u00f3ria de Santo Ant\u00e3o, na Zona da Mata de Pernambuco.<\/p>\n<p style=\"text-align: justify;\">O condutor informou que havia adquirido o autom\u00f3vel por R$30 mil em S\u00e3o Louren\u00e7o da Mata, na mesma regi\u00e3o, e ainda estava pagando pelo ve\u00edculo. Ele foi encaminhado \u00e0 Delegacia de Pol\u00edcia Civil de Jaboat\u00e3o dos Guararapes, e poder\u00e1 responder por recepta\u00e7\u00e3o.<\/p>\n<p style=\"text-align: justify;\">Dicas de seguran\u00e7a<\/p>\n<p style=\"text-align: justify;\">Antes de adquirir um carro usado, verifique a proced\u00eancia do autom\u00f3vel e desconfie se o pre\u00e7o estiver muito abaixo do valor de mercado. Exija a nota fiscal, o registro oficial da transa\u00e7\u00e3o e um contrato de compra e venda. Al\u00e9m de solicitar a avalia\u00e7\u00e3o de um perito, para se certificar de que n\u00e3o h\u00e1 irregularidades na documenta\u00e7\u00e3o ou nos sinais que identificam o ve\u00edculo.<\/p>\n<p style=\"text-align: justify;\">Tamb\u00e9m \u00e9 importante fazer o procedimento de transfer\u00eancia conforme prev\u00ea a legisla\u00e7\u00e3o. Deve-se preencher o Certificado de Registro do Ve\u00edculo (CRV) com todos os dados e acompanhar o vendedor at\u00e9 o cart\u00f3rio, para reconhecer firmas de ambas as partes. Caso o vendedor se recuse, \u00e9 um ind\u00edcio de que o ve\u00edculo possui alguma irregularidade.<\/p>\n\n\n<figure class=\"wp-block-image size-large\"><img loading=\"lazy\" decoding=\"async\" width=\"954\" height=\"560\" src=\"https:\/\/blogdoedvaldomagalhaes.com.br\/wp-content\/uploads\/2020\/09\/IMG-20200928-WA0125.jpg\" alt=\"\" class=\"wp-image-61929\" srcset=\"https:\/\/blogdoedvaldomagalhaes.com.br\/wp-content\/uploads\/2020\/09\/IMG-20200928-WA0125.jpg 954w, https:\/\/blogdoedvaldomagalhaes.com.br\/wp-content\/uploads\/2020\/09\/IMG-20200928-WA0125-300x176.jpg 300w, https:\/\/blogdoedvaldomagalhaes.com.br\/wp-content\/uploads\/2020\/09\/IMG-20200928-WA0125-768x451.jpg 768w\" sizes=\"auto, (max-width: 954px) 100vw, 954px\" \/><figcaption>Fotos: PRF\/Divulga\u00e7\u00e3o<\/figcaption><\/figure>\n","protected":false},"excerpt":{"rendered":"<p>Entre janeiro a 28 de setembro deste ano, a Pol\u00edcia Rodovi\u00e1ria Federal (PRF) recuperou 335 ve\u00edculos roubados e apreendeu 228&hellip;<\/p>\n","protected":false},"author":1,"featured_media":61928,"comment_status":"open","ping_status":"open","sticky":false,"template":"","format":"standard","meta":{"footnotes":""},"categories":[14121],"tags":[2,19532,19682],"class_list":["post-61927","post","type-post","status-publish","format-standard","has-post-thumbnail","hentry","category-policial","tag-blog-do-edvaldo-magalhaes","tag-blog-mais-acessado-e-visualizado-de-caruaru-e-regiao","tag-recuperacao-de-veiculos-roubados-aumenta-54-nas-rodovias-federais-de-pernambuco"],"_links":{"self":[{"href":"https:\/\/blogdoedvaldomagalhaes.com.br\/index.php\/wp-json\/wp\/v2\/posts\/61927","targetHints":{"allow":["GET"]}}],"collection":[{"href":"https:\/\/blogdoedvaldomagalhaes.com.br\/index.php\/wp-json\/wp\/v2\/posts"}],"about":[{"href":"https:\/\/blogdoedvaldomagalhaes.com.br\/index.php\/wp-json\/wp\/v2\/types\/post"}],"author":[{"embeddable":true,"href":"https:\/\/blogdoedvaldomagalhaes.com.br\/index.php\/wp-json\/wp\/v2\/users\/1"}],"replies":[{"embeddable":true,"href":"https:\/\/blogdoedvaldomagalhaes.com.br\/index.php\/wp-json\/wp\/v2\/comments?post=61927"}],"version-history":[{"count":1,"href":"https:\/\/blogdoedvaldomagalhaes.com.br\/index.php\/wp-json\/wp\/v2\/posts\/61927\/revisions"}],"predecessor-version":[{"id":61930,"href":"https:\/\/blogdoedvaldomagalhaes.com.br\/index.php\/wp-json\/wp\/v2\/posts\/61927\/revisions\/61930"}],"wp:featuredmedia":[{"embeddable":true,"href":"https:\/\/blogdoedvaldomagalhaes.com.br\/index.php\/wp-json\/wp\/v2\/media\/61928"}],"wp:attachment":[{"href":"https:\/\/blogdoedvaldomagalhaes.com.br\/index.php\/wp-json\/wp\/v2\/media?parent=61927"}],"wp:term":[{"taxonomy":"category","embeddable":true,"href":"https:\/\/blogdoedvaldomagalhaes.com.br\/index.php\/wp-json\/wp\/v2\/categories?post=61927"},{"taxonomy":"post_tag","embeddable":true,"href":"https:\/\/blogdoedvaldomagalhaes.com.br\/index.php\/wp-json\/wp\/v2\/tags?post=61927"}],"curies":[{"name":"wp","href":"https:\/\/api.w.org\/{rel}","templated":true}]}}