{"id":61924,"date":"2020-09-28T17:32:37","date_gmt":"2020-09-28T20:32:37","guid":{"rendered":"https:\/\/blogdoedvaldomagalhaes.com.br\/?p=61924"},"modified":"2020-09-28T17:32:38","modified_gmt":"2020-09-28T20:32:38","slug":"unifavip-promove-palestra-gratuita-para-profissionais-e-estudantes-de-odontologia","status":"publish","type":"post","link":"https:\/\/blogdoedvaldomagalhaes.com.br\/index.php\/2020\/09\/28\/unifavip-promove-palestra-gratuita-para-profissionais-e-estudantes-de-odontologia\/","title":{"rendered":"UniFavip promove palestra gratuita para profissionais e estudantes de odontologia"},"content":{"rendered":"<p style=\"text-align: justify;\"><span style=\"font-size: inherit;\">O Centro Universit\u00e1rio UniFavip, por meio do curso de odontologia, promove, no dia 30 de setembro, \u00e0s 18h30, uma palestra voltada para profissionais, estudantes e interessados no assunto, com o tema: \u201cC\u00e2ncer Bucal: perspectivas atuais sobre diagn\u00f3stico e tratamento dessas les\u00f5es\u201d. A palestrante ser\u00e1 a Profa. Dra. Ana Paula Vera Sobral, que \u00e9 graduada em odontologia pela Universidade de Pernambuco e doutora em odontologia (Patologia Bucal) pela Universidade de S\u00e3o Paulo, tendo uma vasta experi\u00eancia tanto docente quanto cl\u00ednica na \u00e1rea.<\/span><\/p>\n<p style=\"text-align: justify;\">\n&#8220;Nosso evento visa orientar os acad\u00eamicos e profissionais a respeito do diagn\u00f3stico do C\u00e2ncer Bucal, al\u00e9m de abordar as formas de tratamento dispon\u00edveis para melhorar a qualidade de vida destes pacientes. N\u00f3s, cirurgi\u00f5es dentistas, temos a oportunidade de realizarmos o diagn\u00f3stico precoce de v\u00e1rios tipos de c\u00e2ncer que acometem as mais variadas partes do corpo humano\u201d, disse C\u00e1cio Lopes Mendes, coordenador do Curso de Odontologia do UniFavip.<\/p>\n<p>Devido \u00e0 pandemia, o evento ser\u00e1 online (via plataforma Zoom), com emiss\u00e3o de certificado. Os interessados em participar da palestra dever\u00e3o fazer suas inscri\u00e7\u00f5es de forma gratuita pelo link: https:\/\/bit.ly\/34eoZqH.<\/p>\n","protected":false},"excerpt":{"rendered":"<p>O Centro Universit\u00e1rio UniFavip, por meio do curso de odontologia, promove, no dia 30 de setembro, \u00e0s 18h30, uma palestra&hellip;<\/p>\n","protected":false},"author":1,"featured_media":61925,"comment_status":"open","ping_status":"open","sticky":false,"template":"","format":"standard","meta":{"footnotes":""},"categories":[14120],"tags":[2,19532,1950,19681],"class_list":["post-61924","post","type-post","status-publish","format-standard","has-post-thumbnail","hentry","category-noticias","tag-blog-do-edvaldo-magalhaes","tag-blog-mais-acessado-e-visualizado-de-caruaru-e-regiao","tag-noticias-de-caruaru","tag-unifavip-promove-palestra-gratuita-para-profissionais-e-estudantes-de-odontologia"],"_links":{"self":[{"href":"https:\/\/blogdoedvaldomagalhaes.com.br\/index.php\/wp-json\/wp\/v2\/posts\/61924","targetHints":{"allow":["GET"]}}],"collection":[{"href":"https:\/\/blogdoedvaldomagalhaes.com.br\/index.php\/wp-json\/wp\/v2\/posts"}],"about":[{"href":"https:\/\/blogdoedvaldomagalhaes.com.br\/index.php\/wp-json\/wp\/v2\/types\/post"}],"author":[{"embeddable":true,"href":"https:\/\/blogdoedvaldomagalhaes.com.br\/index.php\/wp-json\/wp\/v2\/users\/1"}],"replies":[{"embeddable":true,"href":"https:\/\/blogdoedvaldomagalhaes.com.br\/index.php\/wp-json\/wp\/v2\/comments?post=61924"}],"version-history":[{"count":1,"href":"https:\/\/blogdoedvaldomagalhaes.com.br\/index.php\/wp-json\/wp\/v2\/posts\/61924\/revisions"}],"predecessor-version":[{"id":61926,"href":"https:\/\/blogdoedvaldomagalhaes.com.br\/index.php\/wp-json\/wp\/v2\/posts\/61924\/revisions\/61926"}],"wp:featuredmedia":[{"embeddable":true,"href":"https:\/\/blogdoedvaldomagalhaes.com.br\/index.php\/wp-json\/wp\/v2\/media\/61925"}],"wp:attachment":[{"href":"https:\/\/blogdoedvaldomagalhaes.com.br\/index.php\/wp-json\/wp\/v2\/media?parent=61924"}],"wp:term":[{"taxonomy":"category","embeddable":true,"href":"https:\/\/blogdoedvaldomagalhaes.com.br\/index.php\/wp-json\/wp\/v2\/categories?post=61924"},{"taxonomy":"post_tag","embeddable":true,"href":"https:\/\/blogdoedvaldomagalhaes.com.br\/index.php\/wp-json\/wp\/v2\/tags?post=61924"}],"curies":[{"name":"wp","href":"https:\/\/api.w.org\/{rel}","templated":true}]}}