{"id":61918,"date":"2020-09-28T17:23:59","date_gmt":"2020-09-28T20:23:59","guid":{"rendered":"https:\/\/blogdoedvaldomagalhaes.com.br\/?p=61918"},"modified":"2020-09-28T17:24:00","modified_gmt":"2020-09-28T20:24:00","slug":"mister-agreste-pernambucano-2020-renato-alves-disputa-titulo-estadual","status":"publish","type":"post","link":"https:\/\/blogdoedvaldomagalhaes.com.br\/index.php\/2020\/09\/28\/mister-agreste-pernambucano-2020-renato-alves-disputa-titulo-estadual\/","title":{"rendered":"Mister Agreste Pernambucano 2020, Renato Alves, disputa t\u00edtulo estadual"},"content":{"rendered":"<p style=\"text-align: justify;\"><span style=\"font-size: inherit;\">O jovem modelo e acad\u00eamico de Fisioterapia, Renato Alves, 26 anos, \u00e9 o atual representante da beleza masculina do Agreste pernambucano e vai disputar o Mister Pernambuco 2020, no pr\u00f3ximo s\u00e1bado (03), em Recife.<\/span><\/p>\n<p style=\"text-align: justify;\">O mister tem se destacado pela sua influ\u00eancia em projetos sociais, e vem construindo uma hist\u00f3ria de representatividade na Capital do Agreste. Como modelo, tem desempenhado campanhas para as maiores marcas do polo t\u00eaxtil.<\/p>\n<p style=\"text-align: justify;\">O concurso tem a coordena\u00e7\u00e3o estadual de Miguel Braga, que realizar\u00e1 entre os dias 01, 02 e 03 de outubro o confinamento dos 25 jovens mais belos do Estado. A grande final, que vai eleger o homem mais bonito e preparado para representar Pernambuco no Mister Brasil, acontece no s\u00e1bado (03), \u00e0s 16h, no Hotel Ramada em Boa Viagem, Recife-PE. O evento ser\u00e1 transmitido pelo canal oficial do YouTube\/MiguelBragaProdu\u00e7\u00f5es.<\/p>\n\n\n<figure class=\"wp-block-image size-large\"><img loading=\"lazy\" decoding=\"async\" width=\"682\" height=\"1024\" src=\"https:\/\/blogdoedvaldomagalhaes.com.br\/wp-content\/uploads\/2020\/09\/IMG-20200928-WA0045-682x1024.jpg\" alt=\"\" class=\"wp-image-61920\" srcset=\"https:\/\/blogdoedvaldomagalhaes.com.br\/wp-content\/uploads\/2020\/09\/IMG-20200928-WA0045-682x1024.jpg 682w, https:\/\/blogdoedvaldomagalhaes.com.br\/wp-content\/uploads\/2020\/09\/IMG-20200928-WA0045-200x300.jpg 200w, https:\/\/blogdoedvaldomagalhaes.com.br\/wp-content\/uploads\/2020\/09\/IMG-20200928-WA0045-768x1152.jpg 768w, https:\/\/blogdoedvaldomagalhaes.com.br\/wp-content\/uploads\/2020\/09\/IMG-20200928-WA0045.jpg 853w\" sizes=\"auto, (max-width: 682px) 100vw, 682px\" \/><figcaption>Fotos: Ruan Maranh\u00e3o<\/figcaption><\/figure>\n","protected":false},"excerpt":{"rendered":"<p>O jovem modelo e acad\u00eamico de Fisioterapia, Renato Alves, 26 anos, \u00e9 o atual representante da beleza masculina do Agreste&hellip;<\/p>\n","protected":false},"author":1,"featured_media":61922,"comment_status":"open","ping_status":"open","sticky":false,"template":"","format":"standard","meta":{"footnotes":""},"categories":[14120],"tags":[2,19532,19680],"class_list":["post-61918","post","type-post","status-publish","format-standard","has-post-thumbnail","hentry","category-noticias","tag-blog-do-edvaldo-magalhaes","tag-blog-mais-acessado-e-visualizado-de-caruaru-e-regiao","tag-mister-agreste-pernambucano-2020-renato-alves-disputa-titulo-estadual"],"_links":{"self":[{"href":"https:\/\/blogdoedvaldomagalhaes.com.br\/index.php\/wp-json\/wp\/v2\/posts\/61918","targetHints":{"allow":["GET"]}}],"collection":[{"href":"https:\/\/blogdoedvaldomagalhaes.com.br\/index.php\/wp-json\/wp\/v2\/posts"}],"about":[{"href":"https:\/\/blogdoedvaldomagalhaes.com.br\/index.php\/wp-json\/wp\/v2\/types\/post"}],"author":[{"embeddable":true,"href":"https:\/\/blogdoedvaldomagalhaes.com.br\/index.php\/wp-json\/wp\/v2\/users\/1"}],"replies":[{"embeddable":true,"href":"https:\/\/blogdoedvaldomagalhaes.com.br\/index.php\/wp-json\/wp\/v2\/comments?post=61918"}],"version-history":[{"count":1,"href":"https:\/\/blogdoedvaldomagalhaes.com.br\/index.php\/wp-json\/wp\/v2\/posts\/61918\/revisions"}],"predecessor-version":[{"id":61923,"href":"https:\/\/blogdoedvaldomagalhaes.com.br\/index.php\/wp-json\/wp\/v2\/posts\/61918\/revisions\/61923"}],"wp:featuredmedia":[{"embeddable":true,"href":"https:\/\/blogdoedvaldomagalhaes.com.br\/index.php\/wp-json\/wp\/v2\/media\/61922"}],"wp:attachment":[{"href":"https:\/\/blogdoedvaldomagalhaes.com.br\/index.php\/wp-json\/wp\/v2\/media?parent=61918"}],"wp:term":[{"taxonomy":"category","embeddable":true,"href":"https:\/\/blogdoedvaldomagalhaes.com.br\/index.php\/wp-json\/wp\/v2\/categories?post=61918"},{"taxonomy":"post_tag","embeddable":true,"href":"https:\/\/blogdoedvaldomagalhaes.com.br\/index.php\/wp-json\/wp\/v2\/tags?post=61918"}],"curies":[{"name":"wp","href":"https:\/\/api.w.org\/{rel}","templated":true}]}}