{"id":61909,"date":"2020-09-28T13:54:36","date_gmt":"2020-09-28T16:54:36","guid":{"rendered":"https:\/\/blogdoedvaldomagalhaes.com.br\/?p=61909"},"modified":"2020-09-29T10:21:24","modified_gmt":"2020-09-29T13:21:24","slug":"forum-de-caruaru-e-ministerio-publico-voltam-a-atender-presencial-por-agendamento-a-partir-de-quinta-feira","status":"publish","type":"post","link":"https:\/\/blogdoedvaldomagalhaes.com.br\/index.php\/2020\/09\/28\/forum-de-caruaru-e-ministerio-publico-voltam-a-atender-presencial-por-agendamento-a-partir-de-quinta-feira\/","title":{"rendered":"F\u00f3rum de Caruaru e Minist\u00e9rio P\u00fablico voltam a atender presencial por agendamento a partir de quinta-feira"},"content":{"rendered":"<p style=\"text-align: justify;\">O F\u00f3rum de Caruaru estar\u00e1 retornando as suas atividades presenciais a partir de quinta-feira, 1\u00ba de outubro. No entanto, o atendimento s\u00f3 ser\u00e1 poss\u00edvel com agendamento. Quem precisar de resolver alguma pend\u00eancia no F\u00f3rum, dever\u00e1 ligar para o n\u00famero 37257401 e agendar.<\/p>\n<p style=\"text-align: justify;\">Os detalhes do retorno dos servi\u00e7os presenciais foram apresentados em uma coletiva de imprensa na manh\u00e3 desta segunda-feira (28), do diretor do F\u00f3rum e juiz da 2\u00aa Vara C\u00edvel, Jos\u00e9 Tadeu dos Passos.<\/p>\n<p style=\"text-align: justify;\">O Minist\u00e9rio P\u00fablico tamb\u00e9m retornar\u00e1 a atender presencial a partir de quinta, mas com restri\u00e7\u00f5es, dependendo da demanda.\u00a0<\/p>\n<p style=\"text-align: justify;\">Tamb\u00e9m participaram da coletiva o promotor Henrique Ramos e o presidente da OAB, Fernando J\u00fanior.<\/p>\n\n\n<figure class=\"wp-block-image size-large\"><img loading=\"lazy\" decoding=\"async\" width=\"1024\" height=\"768\" src=\"https:\/\/blogdoedvaldomagalhaes.com.br\/wp-content\/uploads\/2020\/09\/IMG_20200928_111447907-1024x768.jpg\" alt=\"\" class=\"wp-image-61911\" srcset=\"https:\/\/blogdoedvaldomagalhaes.com.br\/wp-content\/uploads\/2020\/09\/IMG_20200928_111447907-1024x768.jpg 1024w, https:\/\/blogdoedvaldomagalhaes.com.br\/wp-content\/uploads\/2020\/09\/IMG_20200928_111447907-300x225.jpg 300w, https:\/\/blogdoedvaldomagalhaes.com.br\/wp-content\/uploads\/2020\/09\/IMG_20200928_111447907-768x576.jpg 768w, https:\/\/blogdoedvaldomagalhaes.com.br\/wp-content\/uploads\/2020\/09\/IMG_20200928_111447907-1536x1152.jpg 1536w, https:\/\/blogdoedvaldomagalhaes.com.br\/wp-content\/uploads\/2020\/09\/IMG_20200928_111447907-2048x1536.jpg 2048w, https:\/\/blogdoedvaldomagalhaes.com.br\/wp-content\/uploads\/2020\/09\/IMG_20200928_111447907-160x120.jpg 160w\" sizes=\"auto, (max-width: 1024px) 100vw, 1024px\" \/><figcaption>Fotos: Blog do Edvaldo Magalh\u00e3es<\/figcaption><\/figure>\n","protected":false},"excerpt":{"rendered":"<p>O F\u00f3rum de Caruaru estar\u00e1 retornando as suas atividades presenciais a partir de quinta-feira, 1\u00ba de outubro. No entanto, o&hellip;<\/p>\n","protected":false},"author":1,"featured_media":61910,"comment_status":"open","ping_status":"open","sticky":false,"template":"","format":"standard","meta":{"footnotes":""},"categories":[14120],"tags":[2,19532,19678],"class_list":["post-61909","post","type-post","status-publish","format-standard","has-post-thumbnail","hentry","category-noticias","tag-blog-do-edvaldo-magalhaes","tag-blog-mais-acessado-e-visualizado-de-caruaru-e-regiao","tag-forum-de-caruaru-e-ministerio-publico-voltam-a-atender-presencial-por-agendamento-a-partir-de-quinta-feira"],"_links":{"self":[{"href":"https:\/\/blogdoedvaldomagalhaes.com.br\/index.php\/wp-json\/wp\/v2\/posts\/61909","targetHints":{"allow":["GET"]}}],"collection":[{"href":"https:\/\/blogdoedvaldomagalhaes.com.br\/index.php\/wp-json\/wp\/v2\/posts"}],"about":[{"href":"https:\/\/blogdoedvaldomagalhaes.com.br\/index.php\/wp-json\/wp\/v2\/types\/post"}],"author":[{"embeddable":true,"href":"https:\/\/blogdoedvaldomagalhaes.com.br\/index.php\/wp-json\/wp\/v2\/users\/1"}],"replies":[{"embeddable":true,"href":"https:\/\/blogdoedvaldomagalhaes.com.br\/index.php\/wp-json\/wp\/v2\/comments?post=61909"}],"version-history":[{"count":2,"href":"https:\/\/blogdoedvaldomagalhaes.com.br\/index.php\/wp-json\/wp\/v2\/posts\/61909\/revisions"}],"predecessor-version":[{"id":61948,"href":"https:\/\/blogdoedvaldomagalhaes.com.br\/index.php\/wp-json\/wp\/v2\/posts\/61909\/revisions\/61948"}],"wp:featuredmedia":[{"embeddable":true,"href":"https:\/\/blogdoedvaldomagalhaes.com.br\/index.php\/wp-json\/wp\/v2\/media\/61910"}],"wp:attachment":[{"href":"https:\/\/blogdoedvaldomagalhaes.com.br\/index.php\/wp-json\/wp\/v2\/media?parent=61909"}],"wp:term":[{"taxonomy":"category","embeddable":true,"href":"https:\/\/blogdoedvaldomagalhaes.com.br\/index.php\/wp-json\/wp\/v2\/categories?post=61909"},{"taxonomy":"post_tag","embeddable":true,"href":"https:\/\/blogdoedvaldomagalhaes.com.br\/index.php\/wp-json\/wp\/v2\/tags?post=61909"}],"curies":[{"name":"wp","href":"https:\/\/api.w.org\/{rel}","templated":true}]}}