{"id":61906,"date":"2020-09-28T13:42:13","date_gmt":"2020-09-28T16:42:13","guid":{"rendered":"https:\/\/blogdoedvaldomagalhaes.com.br\/?p=61906"},"modified":"2020-09-28T13:42:13","modified_gmt":"2020-09-28T16:42:13","slug":"trinta-e-uma-pessoas-assassinadas-no-fim-de-semana-em-pernambuco","status":"publish","type":"post","link":"https:\/\/blogdoedvaldomagalhaes.com.br\/index.php\/2020\/09\/28\/trinta-e-uma-pessoas-assassinadas-no-fim-de-semana-em-pernambuco\/","title":{"rendered":"Trinta e uma pessoas assassinadas no fim de semana em Pernambuco"},"content":{"rendered":"<p style=\"text-align: justify;\">Registrados\u00a0<strong>31<\/strong>\u00a0homic\u00eddios no fim de semana em Pernambuco. Aconteceram dois duplos homic\u00eddios, um no bairro do Cordeiro, Recife, e o outro em Angelim. No m\u00eas de setembro s\u00e3o\u00a0<strong>265<\/strong>\u00a0crimes e de janeiro at\u00e9 agora\u00a0<strong>2.816<\/strong>\u00a0assassinatos no Estado.<\/p>\n<p style=\"text-align: justify;\">Em\u00a0<a href=\"https:\/\/liberdade.com.br\/2020\/09\/26\/ex-presidiario-e-assassinado-a-tiros-em-caruaru-7\/\"><strong>Caruaru<\/strong><\/a>, um homic\u00eddio aconteceu na manh\u00e3 de s\u00e1bado (26), na Favela Portelinha, bairro Santa Rosa. O ex-presidi\u00e1rio Thiago Francisco Nascimento dos Santos, 27 anos, foi abordado por dois desconhecidos, que ap\u00f3s o crime fugiram em uma moto. Em setembro s\u00e3o 6 homic\u00eddios no munic\u00edpio e no ano 101 assassinatos.<\/p>\n<p style=\"text-align: justify;\">Em\u00a0<strong>Santa Cruz do Capibaribe<\/strong>, um jovem morreu ap\u00f3s ser baleado no bairro Nova Santa Cruz quando estava saindo de casa. Macsul Ferreira Soares, 22 anos, foi socorrido para a UPA da cidade, onde faleceu.<\/p>\n<p style=\"text-align: justify;\">Em\u00a0<strong>Angelim<\/strong>, aconteceu um duplo homic\u00eddio. Os jovens Edson Silva Ferreira, 19 anos, e Jos\u00e9 Augusto Batista Silva, idade n\u00e3o informada, foram mortos a tiros. Uma terceira pessoa foi baleada e socorrida para o hospital da cidade.<\/p>\n<p>Por Helenivaldo Pereira.<\/p>\n","protected":false},"excerpt":{"rendered":"<p>Registrados\u00a031\u00a0homic\u00eddios no fim de semana em Pernambuco. Aconteceram dois duplos homic\u00eddios, um no bairro do Cordeiro, Recife, e o outro&hellip;<\/p>\n","protected":false},"author":1,"featured_media":61907,"comment_status":"open","ping_status":"open","sticky":false,"template":"","format":"standard","meta":{"footnotes":""},"categories":[14121],"tags":[2,19532,19163,19677],"class_list":["post-61906","post","type-post","status-publish","format-standard","has-post-thumbnail","hentry","category-policial","tag-blog-do-edvaldo-magalhaes","tag-blog-mais-acessado-e-visualizado-de-caruaru-e-regiao","tag-homicidio-2","tag-trinta-e-uma-pessoas-assassinadas-no-fim-de-semana-em-pernambuco"],"_links":{"self":[{"href":"https:\/\/blogdoedvaldomagalhaes.com.br\/index.php\/wp-json\/wp\/v2\/posts\/61906","targetHints":{"allow":["GET"]}}],"collection":[{"href":"https:\/\/blogdoedvaldomagalhaes.com.br\/index.php\/wp-json\/wp\/v2\/posts"}],"about":[{"href":"https:\/\/blogdoedvaldomagalhaes.com.br\/index.php\/wp-json\/wp\/v2\/types\/post"}],"author":[{"embeddable":true,"href":"https:\/\/blogdoedvaldomagalhaes.com.br\/index.php\/wp-json\/wp\/v2\/users\/1"}],"replies":[{"embeddable":true,"href":"https:\/\/blogdoedvaldomagalhaes.com.br\/index.php\/wp-json\/wp\/v2\/comments?post=61906"}],"version-history":[{"count":1,"href":"https:\/\/blogdoedvaldomagalhaes.com.br\/index.php\/wp-json\/wp\/v2\/posts\/61906\/revisions"}],"predecessor-version":[{"id":61908,"href":"https:\/\/blogdoedvaldomagalhaes.com.br\/index.php\/wp-json\/wp\/v2\/posts\/61906\/revisions\/61908"}],"wp:featuredmedia":[{"embeddable":true,"href":"https:\/\/blogdoedvaldomagalhaes.com.br\/index.php\/wp-json\/wp\/v2\/media\/61907"}],"wp:attachment":[{"href":"https:\/\/blogdoedvaldomagalhaes.com.br\/index.php\/wp-json\/wp\/v2\/media?parent=61906"}],"wp:term":[{"taxonomy":"category","embeddable":true,"href":"https:\/\/blogdoedvaldomagalhaes.com.br\/index.php\/wp-json\/wp\/v2\/categories?post=61906"},{"taxonomy":"post_tag","embeddable":true,"href":"https:\/\/blogdoedvaldomagalhaes.com.br\/index.php\/wp-json\/wp\/v2\/tags?post=61906"}],"curies":[{"name":"wp","href":"https:\/\/api.w.org\/{rel}","templated":true}]}}