{"id":61902,"date":"2020-09-28T07:54:39","date_gmt":"2020-09-28T10:54:39","guid":{"rendered":"https:\/\/blogdoedvaldomagalhaes.com.br\/?p=61902"},"modified":"2020-09-28T08:03:16","modified_gmt":"2020-09-28T11:03:16","slug":"raffie-da-inicio-a-campanha-pela-zona-rural-e-lanca-proposta-do-samu-rural","status":"publish","type":"post","link":"https:\/\/blogdoedvaldomagalhaes.com.br\/index.php\/2020\/09\/28\/raffie-da-inicio-a-campanha-pela-zona-rural-e-lanca-proposta-do-samu-rural\/","title":{"rendered":"Raffi\u00ea d\u00e1 in\u00edcio \u00e0 Campanha pela Zona Rural e lan\u00e7a proposta do SAMU Rural"},"content":{"rendered":"<p style=\"text-align: justify;\"><span style=\"font-size: inherit;\">O\u00a0 domingo foi de uma agenda intensificada do candidato \u00e0 Prefeito de Caruaru pelo PSD, Raffi\u00ea Dellon. O jovem deu o start da sua campanha com v\u00e1rios compromissos na Zona Rural. Comunidades como as Vilas do Ju\u00e1, Cachoeira Seca e Serrote dos Bois, foram localidades que tiveram a presen\u00e7a de Raffi\u00ea. \u201cQuem me acompanha sabe que minhas visitas \u00e0s Comunidades rurais s\u00e3o uma rotina, n\u00e3o \u00e9 algo eleitoral. Conhe\u00e7o de perto a realidade do homem e da mulher do campo. O SAMU Rural ser\u00e1 uma forma de dignidade, da sa\u00fade, da ambul\u00e2ncia r\u00e1pida chegar a esse povo t\u00e3o esquecido\u201d. Comentou Raffi\u00ea.<\/span><\/p>\n<p style=\"text-align: justify;\">O Servi\u00e7o de Atendimento M\u00f3vel de Urg\u00eancia na Zona Rural de Caruaru \u00e9 uma das propostas que consta no Plano de Governo de Raffi\u00ea. No objetivo de levar rapidez, sa\u00fade e aten\u00e7\u00e3o a uma parcela esquecida pelo Poder P\u00fablico Municipal. Caruaru tem em seu dom\u00ednio uma das maiores \u00e1reas rurais do estado de Pernambuco, a proposta de Dellon \u00e9 ter um atendimento que fa\u00e7a atender todos os distritos da Cidade, que hoje sofrem pela aus\u00eancia da ambul\u00e2ncia na Comunidade.<\/p>\n","protected":false},"excerpt":{"rendered":"<p>O\u00a0 domingo foi de uma agenda intensificada do candidato \u00e0 Prefeito de Caruaru pelo PSD, Raffi\u00ea Dellon. O jovem deu&hellip;<\/p>\n","protected":false},"author":1,"featured_media":61903,"comment_status":"open","ping_status":"open","sticky":false,"template":"","format":"standard","meta":{"footnotes":""},"categories":[14122],"tags":[2,19418,1950,20,19676],"class_list":["post-61902","post","type-post","status-publish","format-standard","has-post-thumbnail","hentry","category-politica","tag-blog-do-edvaldo-magalhaes","tag-blog-mais-acessado-de-caruaru-e-regiao","tag-noticias-de-caruaru","tag-politica","tag-raffie-da-inicio-a-campanha-pela-zona-rural-e-lanca-proposta-do-samu-rural"],"_links":{"self":[{"href":"https:\/\/blogdoedvaldomagalhaes.com.br\/index.php\/wp-json\/wp\/v2\/posts\/61902","targetHints":{"allow":["GET"]}}],"collection":[{"href":"https:\/\/blogdoedvaldomagalhaes.com.br\/index.php\/wp-json\/wp\/v2\/posts"}],"about":[{"href":"https:\/\/blogdoedvaldomagalhaes.com.br\/index.php\/wp-json\/wp\/v2\/types\/post"}],"author":[{"embeddable":true,"href":"https:\/\/blogdoedvaldomagalhaes.com.br\/index.php\/wp-json\/wp\/v2\/users\/1"}],"replies":[{"embeddable":true,"href":"https:\/\/blogdoedvaldomagalhaes.com.br\/index.php\/wp-json\/wp\/v2\/comments?post=61902"}],"version-history":[{"count":2,"href":"https:\/\/blogdoedvaldomagalhaes.com.br\/index.php\/wp-json\/wp\/v2\/posts\/61902\/revisions"}],"predecessor-version":[{"id":61905,"href":"https:\/\/blogdoedvaldomagalhaes.com.br\/index.php\/wp-json\/wp\/v2\/posts\/61902\/revisions\/61905"}],"wp:featuredmedia":[{"embeddable":true,"href":"https:\/\/blogdoedvaldomagalhaes.com.br\/index.php\/wp-json\/wp\/v2\/media\/61903"}],"wp:attachment":[{"href":"https:\/\/blogdoedvaldomagalhaes.com.br\/index.php\/wp-json\/wp\/v2\/media?parent=61902"}],"wp:term":[{"taxonomy":"category","embeddable":true,"href":"https:\/\/blogdoedvaldomagalhaes.com.br\/index.php\/wp-json\/wp\/v2\/categories?post=61902"},{"taxonomy":"post_tag","embeddable":true,"href":"https:\/\/blogdoedvaldomagalhaes.com.br\/index.php\/wp-json\/wp\/v2\/tags?post=61902"}],"curies":[{"name":"wp","href":"https:\/\/api.w.org\/{rel}","templated":true}]}}