{"id":61898,"date":"2020-09-27T23:18:10","date_gmt":"2020-09-28T02:18:10","guid":{"rendered":"https:\/\/blogdoedvaldomagalhaes.com.br\/?p=61898"},"modified":"2020-09-27T23:23:04","modified_gmt":"2020-09-28T02:23:04","slug":"raquel-comeca-campanha-na-feira-do-salgado-monte-bom-jesus-e-via-parque","status":"publish","type":"post","link":"https:\/\/blogdoedvaldomagalhaes.com.br\/index.php\/2020\/09\/27\/raquel-comeca-campanha-na-feira-do-salgado-monte-bom-jesus-e-via-parque\/","title":{"rendered":"Raquel come\u00e7a campanha na Feira do Salgado, Monte Bom Jesus e Via Parque"},"content":{"rendered":"<p style=\"text-align: justify;\"><span style=\"font-size: inherit;\">O primeiro dia de campanha oficial da candidata \u00e0 reelei\u00e7\u00e3o Raquel Lyra (PSDB) come\u00e7ou na rua, do jeito que os caruaruenses gostam. O local primeiro escolhido foi a Feira do Salgado. Durante a visita, Raquel reafirmou o compromisso com os feirantes e com a comunidade. \u201cNossa miss\u00e3o \u00e9 fazer que possam continuar trabalhando com respeito e dignidade. Vamos juntos para Caruaru seguir em frente\u201d, declarou Raquel.<\/span><\/p>\n<p style=\"text-align: justify;\">Ela visitou tamb\u00e9m o Monte Bom Jesus, um dos principais pontos tur\u00edsticos da cidade, que est\u00e1 totalmente requalificado, e ouviu os visitantes sobre o que ainda pode ser melhorado. Ao final do dia, Raquel foi at\u00e9 um trecho da Via Parque &#8211; equipamento que vem sendo amplamente aproveitado pela popula\u00e7\u00e3o &#8211; na Avenida Rui Barbosa. \u201cFoi poss\u00edvel ver a alegria no olhar de cada pessoa que utiliza este novo espa\u00e7o da cidade\u201d, comemorou.<\/p>\n<p>Foto: Jana\u00edna Pepeu.<\/p>\n","protected":false},"excerpt":{"rendered":"<p>O primeiro dia de campanha oficial da candidata \u00e0 reelei\u00e7\u00e3o Raquel Lyra (PSDB) come\u00e7ou na rua, do jeito que os&hellip;<\/p>\n","protected":false},"author":1,"featured_media":61899,"comment_status":"open","ping_status":"open","sticky":false,"template":"","format":"standard","meta":{"footnotes":""},"categories":[14122],"tags":[2,19532,19675,20,19674],"class_list":["post-61898","post","type-post","status-publish","format-standard","has-post-thumbnail","hentry","category-politica","tag-blog-do-edvaldo-magalhaes","tag-blog-mais-acessado-e-visualizado-de-caruaru-e-regiao","tag-monte-bom-jesus-e-via-parque","tag-politica","tag-raquel-comeca-campanha-na-feira-do-salgado"],"_links":{"self":[{"href":"https:\/\/blogdoedvaldomagalhaes.com.br\/index.php\/wp-json\/wp\/v2\/posts\/61898","targetHints":{"allow":["GET"]}}],"collection":[{"href":"https:\/\/blogdoedvaldomagalhaes.com.br\/index.php\/wp-json\/wp\/v2\/posts"}],"about":[{"href":"https:\/\/blogdoedvaldomagalhaes.com.br\/index.php\/wp-json\/wp\/v2\/types\/post"}],"author":[{"embeddable":true,"href":"https:\/\/blogdoedvaldomagalhaes.com.br\/index.php\/wp-json\/wp\/v2\/users\/1"}],"replies":[{"embeddable":true,"href":"https:\/\/blogdoedvaldomagalhaes.com.br\/index.php\/wp-json\/wp\/v2\/comments?post=61898"}],"version-history":[{"count":2,"href":"https:\/\/blogdoedvaldomagalhaes.com.br\/index.php\/wp-json\/wp\/v2\/posts\/61898\/revisions"}],"predecessor-version":[{"id":61901,"href":"https:\/\/blogdoedvaldomagalhaes.com.br\/index.php\/wp-json\/wp\/v2\/posts\/61898\/revisions\/61901"}],"wp:featuredmedia":[{"embeddable":true,"href":"https:\/\/blogdoedvaldomagalhaes.com.br\/index.php\/wp-json\/wp\/v2\/media\/61899"}],"wp:attachment":[{"href":"https:\/\/blogdoedvaldomagalhaes.com.br\/index.php\/wp-json\/wp\/v2\/media?parent=61898"}],"wp:term":[{"taxonomy":"category","embeddable":true,"href":"https:\/\/blogdoedvaldomagalhaes.com.br\/index.php\/wp-json\/wp\/v2\/categories?post=61898"},{"taxonomy":"post_tag","embeddable":true,"href":"https:\/\/blogdoedvaldomagalhaes.com.br\/index.php\/wp-json\/wp\/v2\/tags?post=61898"}],"curies":[{"name":"wp","href":"https:\/\/api.w.org\/{rel}","templated":true}]}}