{"id":61894,"date":"2020-09-27T23:11:03","date_gmt":"2020-09-28T02:11:03","guid":{"rendered":"https:\/\/blogdoedvaldomagalhaes.com.br\/?p=61894"},"modified":"2020-09-27T23:11:04","modified_gmt":"2020-09-28T02:11:04","slug":"marcelo-gomes-da-largada-na-campanha-digital-em-caruaru","status":"publish","type":"post","link":"https:\/\/blogdoedvaldomagalhaes.com.br\/index.php\/2020\/09\/27\/marcelo-gomes-da-largada-na-campanha-digital-em-caruaru\/","title":{"rendered":"Marcelo Gomes d\u00e1 largada na campanha digital em Caruaru"},"content":{"rendered":"<p style=\"text-align: justify;\"><span style=\"font-size: inherit;\">Em seu primeiro pronunciamento nas redes sociais como candidato a prefeito de Caruaru, Marcelo Gomes, do PSB, fez uma apresenta\u00e7\u00e3o sobre sua trajet\u00f3ria pessoal e profissional, al\u00e9m de convidar o eleitor a acompanhar as redes sociais para que possa conhec\u00ea-lo melhor, bem como suas ideias e propostas para Caruaru. Vereador por dois mandatos, Marcelo Gomes tamb\u00e9m demarcou com clareza pontos cr\u00edticos da atual gest\u00e3o. O v\u00eddeo foi postado nas redes sociais do candidato (@marcelogomespsb40).<\/span><\/p>\n","protected":false},"excerpt":{"rendered":"<p>Em seu primeiro pronunciamento nas redes sociais como candidato a prefeito de Caruaru, Marcelo Gomes, do PSB, fez uma apresenta\u00e7\u00e3o&hellip;<\/p>\n","protected":false},"author":1,"featured_media":61896,"comment_status":"open","ping_status":"open","sticky":false,"template":"","format":"standard","meta":{"footnotes":""},"categories":[14122],"tags":[2,19532,19673,20],"class_list":["post-61894","post","type-post","status-publish","format-standard","has-post-thumbnail","hentry","category-politica","tag-blog-do-edvaldo-magalhaes","tag-blog-mais-acessado-e-visualizado-de-caruaru-e-regiao","tag-marcelo-gomes-da-largada-na-campanha-digital-em-caruaru","tag-politica"],"_links":{"self":[{"href":"https:\/\/blogdoedvaldomagalhaes.com.br\/index.php\/wp-json\/wp\/v2\/posts\/61894","targetHints":{"allow":["GET"]}}],"collection":[{"href":"https:\/\/blogdoedvaldomagalhaes.com.br\/index.php\/wp-json\/wp\/v2\/posts"}],"about":[{"href":"https:\/\/blogdoedvaldomagalhaes.com.br\/index.php\/wp-json\/wp\/v2\/types\/post"}],"author":[{"embeddable":true,"href":"https:\/\/blogdoedvaldomagalhaes.com.br\/index.php\/wp-json\/wp\/v2\/users\/1"}],"replies":[{"embeddable":true,"href":"https:\/\/blogdoedvaldomagalhaes.com.br\/index.php\/wp-json\/wp\/v2\/comments?post=61894"}],"version-history":[{"count":1,"href":"https:\/\/blogdoedvaldomagalhaes.com.br\/index.php\/wp-json\/wp\/v2\/posts\/61894\/revisions"}],"predecessor-version":[{"id":61897,"href":"https:\/\/blogdoedvaldomagalhaes.com.br\/index.php\/wp-json\/wp\/v2\/posts\/61894\/revisions\/61897"}],"wp:featuredmedia":[{"embeddable":true,"href":"https:\/\/blogdoedvaldomagalhaes.com.br\/index.php\/wp-json\/wp\/v2\/media\/61896"}],"wp:attachment":[{"href":"https:\/\/blogdoedvaldomagalhaes.com.br\/index.php\/wp-json\/wp\/v2\/media?parent=61894"}],"wp:term":[{"taxonomy":"category","embeddable":true,"href":"https:\/\/blogdoedvaldomagalhaes.com.br\/index.php\/wp-json\/wp\/v2\/categories?post=61894"},{"taxonomy":"post_tag","embeddable":true,"href":"https:\/\/blogdoedvaldomagalhaes.com.br\/index.php\/wp-json\/wp\/v2\/tags?post=61894"}],"curies":[{"name":"wp","href":"https:\/\/api.w.org\/{rel}","templated":true}]}}