{"id":61887,"date":"2020-09-27T22:01:57","date_gmt":"2020-09-28T01:01:57","guid":{"rendered":"https:\/\/blogdoedvaldomagalhaes.com.br\/?p=61887"},"modified":"2020-09-27T22:01:58","modified_gmt":"2020-09-28T01:01:58","slug":"delegado-lessa-e-manoel-da-cazanova-dao-a-largada-para-a-corrida-eleitoral","status":"publish","type":"post","link":"https:\/\/blogdoedvaldomagalhaes.com.br\/index.php\/2020\/09\/27\/delegado-lessa-e-manoel-da-cazanova-dao-a-largada-para-a-corrida-eleitoral\/","title":{"rendered":"Delegado Lessa e Manoel da Cazanova d\u00e3o a largada para a corrida eleitoral"},"content":{"rendered":"<p style=\"text-align: justify;\"><span style=\"font-size: inherit;\">Foi dada a largada da campanha eleitoral. Em Caruaru, os candidatos a prefeito e vice Delegado Lessa e Manoel da Cazanova realizaram o primeiro ato de campanha, na \u00e1rea rural do munic\u00edpio. O ato foi transmitido pelo Facebook, na manh\u00e3 deste domingo (27), e marcado por um discurso de cuidado com as pessoas.<\/span><\/p>\n<p style=\"text-align: justify;\">Os candidatos apresentaram de forma simb\u00f3lica a uma fam\u00edlia da vila de Riacho Doce o \u2018Plano Caruaru\u2019 \u2013 o documento da coliga\u00e7\u00e3o \u2018Novos Caminhos pra Caruaru Avan\u00e7ar\u2019 para um modelo de gest\u00e3o a ser aplicado nos pr\u00f3ximos quatro anos. A\u00e7\u00f5es para a \u00e1rea rural como a implanta\u00e7\u00e3o dos Postos Avan\u00e7ados de Seguran\u00e7a (PAS) foram destacadas.<\/p>\n<p style=\"text-align: justify;\">Falando sobre Educa\u00e7\u00e3o, os candidatos citaram a valoriza\u00e7\u00e3o do profissional, cuidado com o plano pedag\u00f3gico, organiza\u00e7\u00e3o da infraestrutura das escolas e na reordena\u00e7\u00e3o log\u00edstica da entrega de merenda escolar. A humaniza\u00e7\u00e3o da Sa\u00fade, bem como a municipaliza\u00e7\u00e3o do Hospital da Mulher, foi outro item salientado durante o ato.<\/p>\n<p style=\"text-align: justify;\">Para o Delegado Lessa, o momento reflete o sentimento predominante na cidade. \u201cEste \u00e9 o pontap\u00e9 da transforma\u00e7\u00e3o da nossa cidade, em que todas as pessoas s\u00e3o agentes da esperan\u00e7a\u201d, definiu Lessa. Manoel da Cazanova ratificou os prop\u00f3sitos da coliga\u00e7\u00e3o. \u201cQueremos contribuir de forma honesta e limpa, escrevendo uma nova hist\u00f3ria para Caruaru\u201d, salientou.<\/p>\n<p style=\"text-align: justify;\">Outro ponto destacado no ato foi a cautela referente \u00e0s atividades eleitorais, devido \u00e0 pandemia. Os candidatos frisaram a import\u00e2ncia do cumprimento das medidas sanit\u00e1rias recomendadas pelas autoridades de sa\u00fade durante as a\u00e7\u00f5es de campanha.<\/p>\n","protected":false},"excerpt":{"rendered":"<p>Foi dada a largada da campanha eleitoral. Em Caruaru, os candidatos a prefeito e vice Delegado Lessa e Manoel da&hellip;<\/p>\n","protected":false},"author":1,"featured_media":61888,"comment_status":"open","ping_status":"open","sticky":false,"template":"","format":"standard","meta":{"footnotes":""},"categories":[14122],"tags":[2,19532,19672,1950,20],"class_list":["post-61887","post","type-post","status-publish","format-standard","has-post-thumbnail","hentry","category-politica","tag-blog-do-edvaldo-magalhaes","tag-blog-mais-acessado-e-visualizado-de-caruaru-e-regiao","tag-delegado-lessa-e-manoel-da-cazanova-dao-a-largada-para-a-corrida-eleitoral","tag-noticias-de-caruaru","tag-politica"],"_links":{"self":[{"href":"https:\/\/blogdoedvaldomagalhaes.com.br\/index.php\/wp-json\/wp\/v2\/posts\/61887","targetHints":{"allow":["GET"]}}],"collection":[{"href":"https:\/\/blogdoedvaldomagalhaes.com.br\/index.php\/wp-json\/wp\/v2\/posts"}],"about":[{"href":"https:\/\/blogdoedvaldomagalhaes.com.br\/index.php\/wp-json\/wp\/v2\/types\/post"}],"author":[{"embeddable":true,"href":"https:\/\/blogdoedvaldomagalhaes.com.br\/index.php\/wp-json\/wp\/v2\/users\/1"}],"replies":[{"embeddable":true,"href":"https:\/\/blogdoedvaldomagalhaes.com.br\/index.php\/wp-json\/wp\/v2\/comments?post=61887"}],"version-history":[{"count":1,"href":"https:\/\/blogdoedvaldomagalhaes.com.br\/index.php\/wp-json\/wp\/v2\/posts\/61887\/revisions"}],"predecessor-version":[{"id":61889,"href":"https:\/\/blogdoedvaldomagalhaes.com.br\/index.php\/wp-json\/wp\/v2\/posts\/61887\/revisions\/61889"}],"wp:featuredmedia":[{"embeddable":true,"href":"https:\/\/blogdoedvaldomagalhaes.com.br\/index.php\/wp-json\/wp\/v2\/media\/61888"}],"wp:attachment":[{"href":"https:\/\/blogdoedvaldomagalhaes.com.br\/index.php\/wp-json\/wp\/v2\/media?parent=61887"}],"wp:term":[{"taxonomy":"category","embeddable":true,"href":"https:\/\/blogdoedvaldomagalhaes.com.br\/index.php\/wp-json\/wp\/v2\/categories?post=61887"},{"taxonomy":"post_tag","embeddable":true,"href":"https:\/\/blogdoedvaldomagalhaes.com.br\/index.php\/wp-json\/wp\/v2\/tags?post=61887"}],"curies":[{"name":"wp","href":"https:\/\/api.w.org\/{rel}","templated":true}]}}